{"id":71,"date":"2025-07-03T15:28:06","date_gmt":"2025-07-03T18:28:06","guid":{"rendered":"https:\/\/soapboxorators.org\/news\/?p=71"},"modified":"2025-08-23T17:52:54","modified_gmt":"2025-08-23T20:52:54","slug":"quien-vigila-a-los-vigilantes","status":"publish","type":"post","link":"https:\/\/soapboxorators.org\/news\/2025\/07\/03\/quien-vigila-a-los-vigilantes\/","title":{"rendered":"\ud83c\udde6\ud83c\uddf7 \u00bfQui\u00e9n vigila a los vigilantes?"},"content":{"rendered":"\n<figure class=\"wp-block-image size-full is-resized\"><img loading=\"lazy\" decoding=\"async\" width=\"600\" height=\"400\" src=\"https:\/\/soapboxorators.org\/news\/wp-content\/uploads\/2025\/07\/lulla_PubHH.png\" alt=\"\" class=\"wp-image-72\" style=\"width:590px;height:auto\" srcset=\"https:\/\/soapboxorators.org\/news\/wp-content\/uploads\/2025\/07\/lulla_PubHH.png 600w, https:\/\/soapboxorators.org\/news\/wp-content\/uploads\/2025\/07\/lulla_PubHH-300x200.png 300w\" sizes=\"auto, (max-width: 600px) 100vw, 600px\" \/><figcaption class=\"wp-element-caption\">Cristina Kirchner y Lula en prisi\u00f3n VIP<\/figcaption><\/figure>\n\n\n\n<p><strong>ElCanillita.info<\/strong><br \/>Argentina, 03\/07\/2025<br \/><br \/>Redacci\u00f3n internacional, con asistencia del Laboratorio de Prison Press<\/p>\n\n\n<p>Este mediod\u00eda, el presidente de Brasil, Luiz In\u00e1cio Lula da Silva, ingres\u00f3 al hist\u00f3rico edificio de San Jos\u00e9 1111, donde Cristina Fern\u00e1ndez de Kirchner cumple su prisi\u00f3n domiciliaria por corrupci\u00f3n en la obra p\u00fablica. No fue un acto p\u00fablico, pero tampoco un secreto: la visita fue autorizada por el Tribunal Oral Federal N\u00b02 con una cl\u00e1usula clave \u2014no alterar la tranquilidad del barrio\u2014, esa misma tranquilidad que durante a\u00f1os fue alterada por una corrupci\u00f3n que parece haber encontrado refugio&#8230; en el living de su penthouse.<\/p>\n<p>Diego Carbone, jefe de custodia de la ex presidenta, esper\u00f3 a Lula en la puerta. La escena fue breve pero simb\u00f3lica: un presidente en funciones visitando a otra que ya no lo est\u00e1, aunque sigue moviendo los hilos con la habilidad de quien nunca solt\u00f3 el control remoto del poder.<\/p>\n<p>El permiso judicial se gestion\u00f3 con celeridad. Carlos Beraldi, abogado defensor y escriba de la liturgia K, present\u00f3 el pedido ante los jueces Gorini, Gim\u00e9nez Uriburu y Basso. Se concedi\u00f3 sin demora. Es que en la Argentina del presente, las visitas de Estado tambi\u00e9n pueden tener domicilio particular, siempre que el visitante no haga ruido y respete el silencio judicial.<\/p>\n<p>La resoluci\u00f3n no menciona si se sirvi\u00f3 caf\u00e9 brasile\u00f1o o si hubo alg\u00fan intercambio de memorias sobre sus respectivas causas penales. Tampoco si se habl\u00f3 de pol\u00edtica regional, inflaci\u00f3n, o simplemente de c\u00f3mo sobrevivir a la celda sin barrotes que es, en estos tiempos, la pol\u00edtica latinoamericana.<\/p>\n<p>Pero el hecho \u2014registrado por las c\u00e1maras y por los ojos atentos del vecindario\u2014 deja una pregunta flotando como humo de habano en despacho cerrado: \u00bfQui\u00e9n vigila a los vigilantes? \u00bfQu\u00e9 mensaje se da cuando el poder va a visitar al poder ca\u00eddo y ambos siguen intactos?<\/p>\n<p>No sabemos si la Justicia duerme, pero s\u00ed sabemos que no se despierta f\u00e1cil.<\/p>\n<figure>\n<p><small>\u00a92025 &#8220;Prison Press&#8221; \u2013 All Rights Reserved &#8211; Copyright \u00a9 2025 ElCanillita.info \/ BlogDiario.info \/SalaStampa.eu, world press service &#8211; Guzzo Photos &#038; Graphic Publications \u2013 Registro Editori e Stampatori n. 1441 Turin, Italy<\/small><\/p>\n<p><\/body><br \/>\n<\/html><\/p>\n\n\n<h3 class=\"wp-block-heading\">\ud83c\udde7\ud83c\uddf7 <strong>Portugu\u00eas<\/strong><\/h3>\n\n\n\n<p><strong> Quem vigia os vigilantes?<\/strong><br \/><strong>Cristina Kirchner recebeu Lula em sua pris\u00e3o domiciliar de luxo<\/strong><\/p>\n\n\n\n<blockquote class=\"wp-block-quote is-layout-flow wp-block-quote-is-layout-flow\">\n<p>Ao meio-dia desta quinta-feira, o presidente do Brasil, Luiz In\u00e1cio Lula da Silva, entrou no famoso edif\u00edcio da rua San Jos\u00e9 1111, onde Cristina Fern\u00e1ndez de Kirchner cumpre pris\u00e3o domiciliar por corrup\u00e7\u00e3o em obras p\u00fablicas.<\/p>\n\n\n\n<p>N\u00e3o foi um ato oficial, mas tamb\u00e9m n\u00e3o foi secreto: a visita foi autorizada pelo Tribunal Oral Federal N\u00b02, com uma cl\u00e1usula importante \u2014 n\u00e3o perturbar a tranquilidade do bairro \u2014, aquela mesma tranquilidade que, durante anos, foi ferida por uma corrup\u00e7\u00e3o que agora parece ter encontrado ref\u00fagio&#8230; na sala de estar.<\/p>\n\n\n\n<p>Diego Carbone, chefe de seguran\u00e7a da ex-presidente, esperava Lula na porta. A cena foi breve, mas simb\u00f3lica: um presidente em exerc\u00edcio visitando outro que, embora ca\u00eddo, ainda move os fios do poder como quem nunca soltou o controle remoto.<\/p>\n\n\n\n<p>O pedido foi feito pelo advogado Carlos Beraldi e aceito sem demora pelos ju\u00edzes Gorini, Gim\u00e9nez Uriburu e Basso. Na Argentina atual, visitas de Estado tamb\u00e9m podem acontecer em domic\u00edlio \u2014 desde que ningu\u00e9m levante a voz.<\/p>\n\n\n\n<p>A resolu\u00e7\u00e3o judicial n\u00e3o menciona se houve caf\u00e9 brasileiro ou troca de mem\u00f3rias sobre processos penais. Talvez falaram de pol\u00edtica, infla\u00e7\u00e3o ou de como sobreviver na cela sem grades que \u00e9 a pol\u00edtica latino-americana.<\/p>\n\n\n\n<p>Mas o fato, registrado pelas c\u00e2meras e pelos olhos atentos da vizinhan\u00e7a, deixa uma pergunta no ar:<br \/><strong>Quem vigia os vigilantes?<\/strong><\/p>\n\n\n\n<p>Sabemos que a Justi\u00e7a pode dormir, mas quando acorda&#8230; nem sempre se levanta.<\/p>\n<\/blockquote>\n\n\n\n<hr class=\"wp-block-separator has-alpha-channel-opacity\"\/>\n\n\n\n<h3 class=\"wp-block-heading\">\ud83c\uddeb\ud83c\uddf7 <strong>Fran\u00e7ais<\/strong><\/h3>\n\n\n\n<p><strong> Qui surveille les surveillants ?<\/strong><br \/><strong>Cristina Kirchner a re\u00e7u Lula dans sa prison de luxe<\/strong><\/p>\n\n\n\n<blockquote class=\"wp-block-quote is-layout-flow wp-block-quote-is-layout-flow\">\n<p>Ce jeudi \u00e0 midi, le pr\u00e9sident br\u00e9silien Luiz In\u00e1cio Lula da Silva est entr\u00e9 au 1111 rue San Jos\u00e9, le c\u00e9l\u00e8bre immeuble o\u00f9 Cristina Fern\u00e1ndez de Kirchner purge sa peine de prison domiciliaire pour corruption dans les march\u00e9s publics.<\/p>\n\n\n\n<p>Ce n&#8217;\u00e9tait pas un acte officiel, mais ce n&#8217;\u00e9tait pas non plus un secret : la visite a \u00e9t\u00e9 autoris\u00e9e par le Tribunal F\u00e9d\u00e9ral Oral N\u00b02, \u00e0 condition de ne pas troubler la tranquillit\u00e9 du quartier \u2014 cette m\u00eame tranquillit\u00e9 que la corruption a perturb\u00e9e pendant des ann\u00e9es&#8230; et qui semble maintenant s\u2019\u00eatre install\u00e9e dans le salon.<\/p>\n\n\n\n<p>Diego Carbone, chef de la s\u00e9curit\u00e9 de l\u2019ex-pr\u00e9sidente, attendait Lula \u00e0 la porte. Une sc\u00e8ne br\u00e8ve mais lourde de symboles : un pr\u00e9sident en fonction rendant visite \u00e0 une ancienne pr\u00e9sidente qui, malgr\u00e9 sa condamnation, garde encore la main sur les t\u00e9l\u00e9commandes du pouvoir.<\/p>\n\n\n\n<p>L\u2019avocat Carlos Beraldi a fait la demande, et les juges Gorini, Gim\u00e9nez Uriburu et Basso l\u2019ont accept\u00e9e sans tarder. En Argentine, aujourd\u2019hui, les visites d\u2019\u00c9tat peuvent aussi se faire \u00e0 domicile \u2014 du moment que cela reste discret.<\/p>\n\n\n\n<p>La d\u00e9cision ne pr\u00e9cise pas s\u2019il y avait du caf\u00e9 br\u00e9silien ni si l\u2019on a parl\u00e9 politique, inflation ou survie dans cette cellule sans barreaux qu\u2019est la politique latino-am\u00e9ricaine.<\/p>\n\n\n\n<p>Mais les cam\u00e9ras et les voisins ont vu l\u2019essentiel :<br \/><strong>Qui surveille les surveillants ?<\/strong><\/p>\n\n\n\n<p>La justice dort peut-\u00eatre\u2026 mais quand elle se r\u00e9veille, elle reste souvent sous la couette.<\/p>\n<\/blockquote>\n\n\n\n<hr class=\"wp-block-separator has-alpha-channel-opacity\"\/>\n\n\n\n<h3 class=\"wp-block-heading\">\ud83c\uddee\ud83c\uddf9 <strong>Italiano <\/strong><\/h3>\n\n\n\n<p><strong> Chi controlla i controllori?<\/strong><br \/><strong>Cristina Kirchner ha ricevuto Lula nel suo attico-prigione di lusso<\/strong><\/p>\n\n\n\n<blockquote class=\"wp-block-quote is-layout-flow wp-block-quote-is-layout-flow\">\n<p>Questo gioved\u00ec a mezzogiorno, il presidente del Brasile Luiz In\u00e1cio Lula da Silva \u00e8 entrato nel noto edificio di San Jos\u00e9 1111, dove Cristina Fern\u00e1ndez de Kirchner sta scontando la sua pena agli arresti domiciliari per corruzione.<\/p>\n\n\n\n<p>Non \u00e8 stato un atto ufficiale, ma nemmeno un incontro segreto: la visita \u00e8 stata autorizzata dal Tribunale Orale Federale N\u00b02, con una clausola essenziale \u2014 non disturbare la tranquillit\u00e0 del quartiere \u2014 la stessa tranquillit\u00e0 che per anni \u00e8 stata sconvolta da una corruzione ormai accomodata&#8230; nel salotto buono.<\/p>\n\n\n\n<p>Diego Carbone, capo della scorta della ex presidente, ha accolto Lula alla porta. La scena \u00e8 durata poco, ma \u00e8 stata densa di significato: un presidente in carica in visita a chi, pur formalmente decaduto, continua a tenere in mano il telecomando del potere.<\/p>\n\n\n\n<p>La richiesta \u00e8 stata avanzata dall\u2019avvocato Carlos Beraldi e approvata senza indugio dai giudici Gorini, Gim\u00e9nez Uriburu e Basso. Nell\u2019Argentina di oggi, anche le visite di Stato si possono fare&#8230; in casa, purch\u00e9 nessuno faccia rumore.<\/p>\n\n\n\n<p>Il provvedimento non chiarisce se sia stato servito caff\u00e8 brasiliano, n\u00e9 se si sia parlato di politica, inflazione o semplicemente di sopravvivenza nella cella senza sbarre che \u00e8 diventata la politica latinoamericana.<\/p>\n\n\n\n<p>Ma i vicini hanno visto tutto, e una domanda resta nell\u2019aria come il profumo di potere stant\u00eco:<br \/><strong>Chi controlla i controllori?<\/strong><\/p>\n\n\n\n<p>Forse la giustizia dorme, ma quando si sveglia&#8230; spesso gira dall\u2019altra parte.<\/p>\n<\/blockquote>\n\n\n<h3 style=\"text-align: center;\">\n  \ud83d\udce3 \ud83c\uddea\ud83c\uddf8 \u00bfQuieres decir algo?<br \/>\n  \ud83c\uddee\ud83c\uddf9 Vuoi dire qualcosa? \u00a0 <br \/>\n  \ud83c\uddec\ud83c\udde7 Do you want to say something?<br \/>\n  \ud83c\uddeb\ud83c\uddf7 Tu veux dire quelque chose ?<br \/> \u00a0 \n  \ud83c\udde7\ud83c\uddf7 Quer dar sua opini\u00e3o?<br \/>\n<\/h3>\n<p style=\"text-align: center;\">\n  Eleg\u00ed tu idioma \/ Choose your language \/ Choisissez votre langue \/<br \/> Scegli la tua lingua \/ Escolha seu idioma\n<\/p>\n<form style=\"max-width: 500px; margin: auto; font-family: sans-serif;\" action=\"mailto:elcanillita@yahoo.com\" enctype=\"text\/plain\" method=\"post\">\n<p>\n    <label><strong>\ud83e\uddcd Nombre \/ Name \/ Nom \/ Nome \/ Nome:<\/strong><br \/>\n    <input style=\"width: 100%; padding: 6px;\" name=\"Nombre\" type=\"text\" \/><\/label>\n  <\/p>\n<p>\n    <label><strong>\u270f\ufe0f Opini\u00f3n o mensaje \/ Message \/ Message \/ Messaggio \/ Mensagem:<\/strong><br \/>\n    <textarea style=\"width: 100%; padding: 6px;\" name=\"Mensaje\" rows=\"5\"><\/textarea><\/label>\n  <\/p>\n<p>\n    <label><strong>\ud83d\udce4 \u00bfPublicamos tu mensaje? \/ Publish? \/ Publier ? \/ Pubblicare? \/ Publicar?<\/strong><br \/>\n    <select style=\"width: 100%; padding: 6px;\" name=\"Publicar\"><option value=\"S\u00ed \/ Yes \/ Oui \/ S\u00ec \/ Sim\">\u2705 S\u00ed \/ Yes \/ Oui \/ S\u00ec \/ Sim<\/option><option value=\"No \/ No \/ Non \/ No \/ N\u00e3o\">\u274c No \/ No \/ Non \/ No \/ N\u00e3o<\/option><\/select><\/label>\n  <\/p>\n<p style=\"text-align: center;\">\n    <input style=\"padding: 10px 20px; font-weight: bold;\" type=\"submit\" value=\"\ud83d\ude80 Enviar \/ Send \/ Envoyer \/ Invia \/ Enviar\" \/>\n  <\/p>\n<\/form>\n<p style=\"text-align: center; font-size: small;\">\n  Tambi\u00e9n pod\u00e9s escribirnos directo a <a href=\"mailto:elcanillita@yahoo.com\">elcanillita@yahoo.com<\/a>\n<\/p>","protected":false},"excerpt":{"rendered":"<p>Cristina Kirchner recibi\u00f3 a Lula en su prisi\u00f3n de privilegio<\/p>\n","protected":false},"author":2,"featured_media":72,"comment_status":"closed","ping_status":"closed","sticky":false,"template":"","format":"standard","meta":{"footnotes":"","_links_to":"","_links_to_target":""},"categories":[6,9,10],"tags":[],"class_list":["post-71","post","type-post","status-publish","format-standard","has-post-thumbnail","hentry","category-actualidad-editorial","category-oradores-de-plataforma-soapbox","category-temas","entry","double"],"yoast_head":"<!-- This site is optimized with the Yoast SEO plugin v27.3 - https:\/\/yoast.com\/product\/yoast-seo-wordpress\/ -->\n<title>\ud83c\udde6\ud83c\uddf7 \u00bfQui\u00e9n vigila a los vigilantes? - SoapBoxOrators.org<\/title>\n<meta name=\"robots\" content=\"noindex, follow, max-snippet:-1, max-image-preview:large, max-video-preview:-1\" \/>\n<meta property=\"og:locale\" content=\"es_ES\" \/>\n<meta property=\"og:type\" content=\"article\" \/>\n<meta property=\"og:title\" content=\"\ud83c\udde6\ud83c\uddf7 \u00bfQui\u00e9n vigila a los vigilantes? - SoapBoxOrators.org\" \/>\n<meta property=\"og:description\" content=\"Cristina Kirchner recibi\u00f3 a Lula en su prisi\u00f3n de privilegio\" \/>\n<meta property=\"og:url\" content=\"https:\/\/soapboxorators.org\/news\/2025\/07\/03\/quien-vigila-a-los-vigilantes\/\" \/>\n<meta property=\"og:site_name\" content=\"SoapBoxOrators.org\" \/>\n<meta property=\"article:published_time\" content=\"2025-07-03T18:28:06+00:00\" \/>\n<meta property=\"article:modified_time\" content=\"2025-08-23T20:52:54+00:00\" \/>\n<meta property=\"og:image\" content=\"https:\/\/soapboxorators.org\/news\/wp-content\/uploads\/2025\/07\/lulla_PubHH.png\" \/>\n\t<meta property=\"og:image:width\" content=\"600\" \/>\n\t<meta property=\"og:image:height\" content=\"400\" \/>\n\t<meta property=\"og:image:type\" content=\"image\/png\" \/>\n<meta name=\"author\" content=\"Globito\" \/>\n<meta name=\"twitter:card\" content=\"summary_large_image\" \/>\n<meta name=\"twitter:label1\" content=\"Escrito por\" \/>\n\t<meta name=\"twitter:data1\" content=\"Globito\" \/>\n\t<meta name=\"twitter:label2\" content=\"Tiempo de lectura\" \/>\n\t<meta name=\"twitter:data2\" content=\"6 minutos\" \/>\n<script type=\"application\/ld+json\" class=\"yoast-schema-graph\">{\"@context\":\"https:\\\/\\\/schema.org\",\"@graph\":[{\"@type\":\"Article\",\"@id\":\"https:\\\/\\\/soapboxorators.org\\\/news\\\/2025\\\/07\\\/03\\\/quien-vigila-a-los-vigilantes\\\/#article\",\"isPartOf\":{\"@id\":\"https:\\\/\\\/soapboxorators.org\\\/news\\\/2025\\\/07\\\/03\\\/quien-vigila-a-los-vigilantes\\\/\"},\"author\":{\"name\":\"Globito\",\"@id\":\"https:\\\/\\\/soapboxorators.org\\\/news\\\/#\\\/schema\\\/person\\\/afa2e6f34f85b58f19f6e9dc0206398d\"},\"headline\":\"\ud83c\udde6\ud83c\uddf7 \u00bfQui\u00e9n vigila a los vigilantes?\",\"datePublished\":\"2025-07-03T18:28:06+00:00\",\"dateModified\":\"2025-08-23T20:52:54+00:00\",\"mainEntityOfPage\":{\"@id\":\"https:\\\/\\\/soapboxorators.org\\\/news\\\/2025\\\/07\\\/03\\\/quien-vigila-a-los-vigilantes\\\/\"},\"wordCount\":1264,\"publisher\":{\"@id\":\"https:\\\/\\\/soapboxorators.org\\\/news\\\/#organization\"},\"image\":{\"@id\":\"https:\\\/\\\/soapboxorators.org\\\/news\\\/2025\\\/07\\\/03\\\/quien-vigila-a-los-vigilantes\\\/#primaryimage\"},\"thumbnailUrl\":\"https:\\\/\\\/soapboxorators.org\\\/news\\\/wp-content\\\/uploads\\\/2025\\\/07\\\/lulla_PubHH.png\",\"articleSection\":[\"Actualidad Editorial\",\"Oradores de Plataforma \\\/ SoapBox\",\"Temas\"],\"inLanguage\":\"es-AR\"},{\"@type\":\"WebPage\",\"@id\":\"https:\\\/\\\/soapboxorators.org\\\/news\\\/2025\\\/07\\\/03\\\/quien-vigila-a-los-vigilantes\\\/\",\"url\":\"https:\\\/\\\/soapboxorators.org\\\/news\\\/2025\\\/07\\\/03\\\/quien-vigila-a-los-vigilantes\\\/\",\"name\":\"\ud83c\udde6\ud83c\uddf7 \u00bfQui\u00e9n vigila a los vigilantes? - SoapBoxOrators.org\",\"isPartOf\":{\"@id\":\"https:\\\/\\\/soapboxorators.org\\\/news\\\/#website\"},\"primaryImageOfPage\":{\"@id\":\"https:\\\/\\\/soapboxorators.org\\\/news\\\/2025\\\/07\\\/03\\\/quien-vigila-a-los-vigilantes\\\/#primaryimage\"},\"image\":{\"@id\":\"https:\\\/\\\/soapboxorators.org\\\/news\\\/2025\\\/07\\\/03\\\/quien-vigila-a-los-vigilantes\\\/#primaryimage\"},\"thumbnailUrl\":\"https:\\\/\\\/soapboxorators.org\\\/news\\\/wp-content\\\/uploads\\\/2025\\\/07\\\/lulla_PubHH.png\",\"datePublished\":\"2025-07-03T18:28:06+00:00\",\"dateModified\":\"2025-08-23T20:52:54+00:00\",\"breadcrumb\":{\"@id\":\"https:\\\/\\\/soapboxorators.org\\\/news\\\/2025\\\/07\\\/03\\\/quien-vigila-a-los-vigilantes\\\/#breadcrumb\"},\"inLanguage\":\"es-AR\",\"potentialAction\":[{\"@type\":\"ReadAction\",\"target\":[\"https:\\\/\\\/soapboxorators.org\\\/news\\\/2025\\\/07\\\/03\\\/quien-vigila-a-los-vigilantes\\\/\"]}]},{\"@type\":\"ImageObject\",\"inLanguage\":\"es-AR\",\"@id\":\"https:\\\/\\\/soapboxorators.org\\\/news\\\/2025\\\/07\\\/03\\\/quien-vigila-a-los-vigilantes\\\/#primaryimage\",\"url\":\"https:\\\/\\\/soapboxorators.org\\\/news\\\/wp-content\\\/uploads\\\/2025\\\/07\\\/lulla_PubHH.png\",\"contentUrl\":\"https:\\\/\\\/soapboxorators.org\\\/news\\\/wp-content\\\/uploads\\\/2025\\\/07\\\/lulla_PubHH.png\",\"width\":600,\"height\":400},{\"@type\":\"BreadcrumbList\",\"@id\":\"https:\\\/\\\/soapboxorators.org\\\/news\\\/2025\\\/07\\\/03\\\/quien-vigila-a-los-vigilantes\\\/#breadcrumb\",\"itemListElement\":[{\"@type\":\"ListItem\",\"position\":1,\"name\":\"Inicio\",\"item\":\"https:\\\/\\\/soapboxorators.org\\\/news\\\/\"},{\"@type\":\"ListItem\",\"position\":2,\"name\":\"\ud83c\udde6\ud83c\uddf7 \u00bfQui\u00e9n vigila a los vigilantes?\"}]},{\"@type\":\"WebSite\",\"@id\":\"https:\\\/\\\/soapboxorators.org\\\/news\\\/#website\",\"url\":\"https:\\\/\\\/soapboxorators.org\\\/news\\\/\",\"name\":\"SoapBoxOrators.org\",\"description\":\"Plataforma de Oradores - Piattaforma di Oratori-  \u6f14\u8bb2\u8005\u5e73\u53f0 - \u0645\u0646\u0635\u0629 \u0627\u0644\u0645\u062a\u062d\u062f\u062b\u064a\u0646 - \u09ac\u0995\u09cd\u09a4\u09be\u09a6\u09c7\u09b0 \u09aa\u09cd\u09b2\u09cd\u09af\u09be\u099f\u09ab\u09b0\u09cd\u09ae\",\"publisher\":{\"@id\":\"https:\\\/\\\/soapboxorators.org\\\/news\\\/#organization\"},\"potentialAction\":[{\"@type\":\"SearchAction\",\"target\":{\"@type\":\"EntryPoint\",\"urlTemplate\":\"https:\\\/\\\/soapboxorators.org\\\/news\\\/?s={search_term_string}\"},\"query-input\":{\"@type\":\"PropertyValueSpecification\",\"valueRequired\":true,\"valueName\":\"search_term_string\"}}],\"inLanguage\":\"es-AR\"},{\"@type\":\"Organization\",\"@id\":\"https:\\\/\\\/soapboxorators.org\\\/news\\\/#organization\",\"name\":\"Guzzo Photos & Graphic Publications\",\"url\":\"https:\\\/\\\/soapboxorators.org\\\/news\\\/\",\"logo\":{\"@type\":\"ImageObject\",\"inLanguage\":\"es-AR\",\"@id\":\"https:\\\/\\\/soapboxorators.org\\\/news\\\/#\\\/schema\\\/logo\\\/image\\\/\",\"url\":\"https:\\\/\\\/soapboxorators.org\\\/news\\\/wp-content\\\/uploads\\\/2025\\\/08\\\/soapboxorators_520.png\",\"contentUrl\":\"https:\\\/\\\/soapboxorators.org\\\/news\\\/wp-content\\\/uploads\\\/2025\\\/08\\\/soapboxorators_520.png\",\"width\":520,\"height\":50,\"caption\":\"Guzzo Photos & Graphic Publications\"},\"image\":{\"@id\":\"https:\\\/\\\/soapboxorators.org\\\/news\\\/#\\\/schema\\\/logo\\\/image\\\/\"}},{\"@type\":\"Person\",\"@id\":\"https:\\\/\\\/soapboxorators.org\\\/news\\\/#\\\/schema\\\/person\\\/afa2e6f34f85b58f19f6e9dc0206398d\",\"name\":\"Globito\",\"url\":\"https:\\\/\\\/soapboxorators.org\\\/news\\\/author\\\/globito\\\/\"}]}<\/script>\n<!-- \/ Yoast SEO plugin. -->","yoast_head_json":{"title":"\ud83c\udde6\ud83c\uddf7 \u00bfQui\u00e9n vigila a los vigilantes? - SoapBoxOrators.org","robots":{"index":"noindex","follow":"follow","max-snippet":"max-snippet:-1","max-image-preview":"max-image-preview:large","max-video-preview":"max-video-preview:-1"},"og_locale":"es_ES","og_type":"article","og_title":"\ud83c\udde6\ud83c\uddf7 \u00bfQui\u00e9n vigila a los vigilantes? - SoapBoxOrators.org","og_description":"Cristina Kirchner recibi\u00f3 a Lula en su prisi\u00f3n de privilegio","og_url":"https:\/\/soapboxorators.org\/news\/2025\/07\/03\/quien-vigila-a-los-vigilantes\/","og_site_name":"SoapBoxOrators.org","article_published_time":"2025-07-03T18:28:06+00:00","article_modified_time":"2025-08-23T20:52:54+00:00","og_image":[{"width":600,"height":400,"url":"https:\/\/soapboxorators.org\/news\/wp-content\/uploads\/2025\/07\/lulla_PubHH.png","type":"image\/png"}],"author":"Globito","twitter_card":"summary_large_image","twitter_misc":{"Escrito por":"Globito","Tiempo de lectura":"6 minutos"},"schema":{"@context":"https:\/\/schema.org","@graph":[{"@type":"Article","@id":"https:\/\/soapboxorators.org\/news\/2025\/07\/03\/quien-vigila-a-los-vigilantes\/#article","isPartOf":{"@id":"https:\/\/soapboxorators.org\/news\/2025\/07\/03\/quien-vigila-a-los-vigilantes\/"},"author":{"name":"Globito","@id":"https:\/\/soapboxorators.org\/news\/#\/schema\/person\/afa2e6f34f85b58f19f6e9dc0206398d"},"headline":"\ud83c\udde6\ud83c\uddf7 \u00bfQui\u00e9n vigila a los vigilantes?","datePublished":"2025-07-03T18:28:06+00:00","dateModified":"2025-08-23T20:52:54+00:00","mainEntityOfPage":{"@id":"https:\/\/soapboxorators.org\/news\/2025\/07\/03\/quien-vigila-a-los-vigilantes\/"},"wordCount":1264,"publisher":{"@id":"https:\/\/soapboxorators.org\/news\/#organization"},"image":{"@id":"https:\/\/soapboxorators.org\/news\/2025\/07\/03\/quien-vigila-a-los-vigilantes\/#primaryimage"},"thumbnailUrl":"https:\/\/soapboxorators.org\/news\/wp-content\/uploads\/2025\/07\/lulla_PubHH.png","articleSection":["Actualidad Editorial","Oradores de Plataforma \/ SoapBox","Temas"],"inLanguage":"es-AR"},{"@type":"WebPage","@id":"https:\/\/soapboxorators.org\/news\/2025\/07\/03\/quien-vigila-a-los-vigilantes\/","url":"https:\/\/soapboxorators.org\/news\/2025\/07\/03\/quien-vigila-a-los-vigilantes\/","name":"\ud83c\udde6\ud83c\uddf7 \u00bfQui\u00e9n vigila a los vigilantes? - SoapBoxOrators.org","isPartOf":{"@id":"https:\/\/soapboxorators.org\/news\/#website"},"primaryImageOfPage":{"@id":"https:\/\/soapboxorators.org\/news\/2025\/07\/03\/quien-vigila-a-los-vigilantes\/#primaryimage"},"image":{"@id":"https:\/\/soapboxorators.org\/news\/2025\/07\/03\/quien-vigila-a-los-vigilantes\/#primaryimage"},"thumbnailUrl":"https:\/\/soapboxorators.org\/news\/wp-content\/uploads\/2025\/07\/lulla_PubHH.png","datePublished":"2025-07-03T18:28:06+00:00","dateModified":"2025-08-23T20:52:54+00:00","breadcrumb":{"@id":"https:\/\/soapboxorators.org\/news\/2025\/07\/03\/quien-vigila-a-los-vigilantes\/#breadcrumb"},"inLanguage":"es-AR","potentialAction":[{"@type":"ReadAction","target":["https:\/\/soapboxorators.org\/news\/2025\/07\/03\/quien-vigila-a-los-vigilantes\/"]}]},{"@type":"ImageObject","inLanguage":"es-AR","@id":"https:\/\/soapboxorators.org\/news\/2025\/07\/03\/quien-vigila-a-los-vigilantes\/#primaryimage","url":"https:\/\/soapboxorators.org\/news\/wp-content\/uploads\/2025\/07\/lulla_PubHH.png","contentUrl":"https:\/\/soapboxorators.org\/news\/wp-content\/uploads\/2025\/07\/lulla_PubHH.png","width":600,"height":400},{"@type":"BreadcrumbList","@id":"https:\/\/soapboxorators.org\/news\/2025\/07\/03\/quien-vigila-a-los-vigilantes\/#breadcrumb","itemListElement":[{"@type":"ListItem","position":1,"name":"Inicio","item":"https:\/\/soapboxorators.org\/news\/"},{"@type":"ListItem","position":2,"name":"\ud83c\udde6\ud83c\uddf7 \u00bfQui\u00e9n vigila a los vigilantes?"}]},{"@type":"WebSite","@id":"https:\/\/soapboxorators.org\/news\/#website","url":"https:\/\/soapboxorators.org\/news\/","name":"SoapBoxOrators.org","description":"Plataforma de Oradores - Piattaforma di Oratori-  \u6f14\u8bb2\u8005\u5e73\u53f0 - \u0645\u0646\u0635\u0629 \u0627\u0644\u0645\u062a\u062d\u062f\u062b\u064a\u0646 - \u09ac\u0995\u09cd\u09a4\u09be\u09a6\u09c7\u09b0 \u09aa\u09cd\u09b2\u09cd\u09af\u09be\u099f\u09ab\u09b0\u09cd\u09ae","publisher":{"@id":"https:\/\/soapboxorators.org\/news\/#organization"},"potentialAction":[{"@type":"SearchAction","target":{"@type":"EntryPoint","urlTemplate":"https:\/\/soapboxorators.org\/news\/?s={search_term_string}"},"query-input":{"@type":"PropertyValueSpecification","valueRequired":true,"valueName":"search_term_string"}}],"inLanguage":"es-AR"},{"@type":"Organization","@id":"https:\/\/soapboxorators.org\/news\/#organization","name":"Guzzo Photos & Graphic Publications","url":"https:\/\/soapboxorators.org\/news\/","logo":{"@type":"ImageObject","inLanguage":"es-AR","@id":"https:\/\/soapboxorators.org\/news\/#\/schema\/logo\/image\/","url":"https:\/\/soapboxorators.org\/news\/wp-content\/uploads\/2025\/08\/soapboxorators_520.png","contentUrl":"https:\/\/soapboxorators.org\/news\/wp-content\/uploads\/2025\/08\/soapboxorators_520.png","width":520,"height":50,"caption":"Guzzo Photos & Graphic Publications"},"image":{"@id":"https:\/\/soapboxorators.org\/news\/#\/schema\/logo\/image\/"}},{"@type":"Person","@id":"https:\/\/soapboxorators.org\/news\/#\/schema\/person\/afa2e6f34f85b58f19f6e9dc0206398d","name":"Globito","url":"https:\/\/soapboxorators.org\/news\/author\/globito\/"}]}},"views":219,"_links":{"self":[{"href":"https:\/\/soapboxorators.org\/news\/wp-json\/wp\/v2\/posts\/71","targetHints":{"allow":["GET"]}}],"collection":[{"href":"https:\/\/soapboxorators.org\/news\/wp-json\/wp\/v2\/posts"}],"about":[{"href":"https:\/\/soapboxorators.org\/news\/wp-json\/wp\/v2\/types\/post"}],"author":[{"embeddable":true,"href":"https:\/\/soapboxorators.org\/news\/wp-json\/wp\/v2\/users\/2"}],"replies":[{"embeddable":true,"href":"https:\/\/soapboxorators.org\/news\/wp-json\/wp\/v2\/comments?post=71"}],"version-history":[{"count":0,"href":"https:\/\/soapboxorators.org\/news\/wp-json\/wp\/v2\/posts\/71\/revisions"}],"wp:featuredmedia":[{"embeddable":true,"href":"https:\/\/soapboxorators.org\/news\/wp-json\/wp\/v2\/media\/72"}],"wp:attachment":[{"href":"https:\/\/soapboxorators.org\/news\/wp-json\/wp\/v2\/media?parent=71"}],"wp:term":[{"taxonomy":"category","embeddable":true,"href":"https:\/\/soapboxorators.org\/news\/wp-json\/wp\/v2\/categories?post=71"},{"taxonomy":"post_tag","embeddable":true,"href":"https:\/\/soapboxorators.org\/news\/wp-json\/wp\/v2\/tags?post=71"}],"curies":[{"name":"wp","href":"https:\/\/api.w.org\/{rel}","templated":true}]}}