{"id":378,"date":"2025-11-27T20:38:32","date_gmt":"2025-11-27T23:38:32","guid":{"rendered":"https:\/\/soapboxorators.org\/news\/?p=378"},"modified":"2025-11-27T20:38:32","modified_gmt":"2025-11-27T23:38:32","slug":"argentina-libertaria-e-la-grande-purga-staliniana","status":"publish","type":"post","link":"https:\/\/soapboxorators.org\/news\/2025\/11\/27\/argentina-libertaria-e-la-grande-purga-staliniana\/","title":{"rendered":"Argentina libertaria e la grande purga staliniana"},"content":{"rendered":"\n<figure class=\"wp-block-image size-large\"><img loading=\"lazy\" decoding=\"async\" width=\"800\" height=\"800\" src=\"https:\/\/soapboxorators.org\/news\/wp-content\/uploads\/2025\/11\/img_1076-2.jpg\" alt=\"\" class=\"wp-image-377\" srcset=\"https:\/\/soapboxorators.org\/news\/wp-content\/uploads\/2025\/11\/img_1076-2.jpg 800w, https:\/\/soapboxorators.org\/news\/wp-content\/uploads\/2025\/11\/img_1076-2-300x300.jpg 300w, https:\/\/soapboxorators.org\/news\/wp-content\/uploads\/2025\/11\/img_1076-2-150x150.jpg 150w, https:\/\/soapboxorators.org\/news\/wp-content\/uploads\/2025\/11\/img_1076-2-768x768.jpg 768w\" sizes=\"auto, (max-width: 800px) 100vw, 800px\" \/><\/figure>\n\n\n\n<p class=\"p1\">Una protesta a Plaza de Mayo riapre il capitolo pi\u00f9 sensibile della storia argentina \u2014quello che nessuno vuole toccare.<\/p>\n\n\n\n<p class=\"p1\">Sabato, Plaza de Mayo ospiter\u00e0 una manifestazione che rompe un tab\u00f9 alto quanto l\u2019obelisco: un movimento chiamato Fazzoletti Neri chiede la revisione dei processi contro ex militari e agenti condannati per i crimini degli anni \u201970.<\/p>\n\n\n\n<p class=\"p1\">Il gruppo sostiene che la memoria ufficiale argentina sia una storia raccontata a met\u00e0, trasformata negli anni in un dogma politico e culturale. Secondo loro, centinaia di imputati furono vittime di una giustizia \u201cmilitante\u201d e di procedimenti infiniti. Quasi mille sarebbero morti in carcere.<\/p>\n\n\n\n<p class=\"p1\">Il punto non \u00e8 difendere la dittatura. \u00c8 contestare un monopolio narrativo che nessun governo \u2014di destra, di sinistra o progressista\u2014 ha mai avuto il coraggio di mettere in discussione.<\/p>\n\n\n\n<p class=\"p1\">E quando a Plaza de Mayo arriva un nuovo simbolo \u2014questa volta nero\u2014 significa che un pezzo della memoria nazionale sta cedendo.<\/p>\n\n\n\n<p><\/p>\n\n\n\n<p>&nbsp;\u270d\ufe0f \u00a9\ufe0f 2025&nbsp; L\u2019Interprete del Codice Silenzioso &#8211; All Rights Reserved<\/p>\n\n\n\n<p><\/p>\n\n\n<p><small>\u00a9\ufe0f2025  Guzzo Photos  &#038; Graphic Publications \u2013 All Rights Reserved \u2013 Copyright \u00a9\ufe0f 2025 SalaStampa.eu, world press service \u2013 Guzzo Photos &#038; Graphic Publications \u2013 Registro Editori e Stampatori n. 1441 Turin, Italy<\/small><\/p>\n\n\n<p><\/p>\n","protected":false},"excerpt":{"rendered":"<p>\ud83c\uddee\ud83c\uddf9 VERSIONE ITALIANA (Adattamento editoriale \u2013 Edizione Premium)<\/p>\n<p>I \u201cfazzoletti neri\u201d debuttano a Plaza de Mayo con una richiesta che scuote ogni partito: se c\u2019\u00e8 stata giustizia, dimostratelo; se \u00e8 stata vendetta, ammettetelo. Il dibattito pi\u00f9 proibito del Paese arriva finalmente in piazza.<\/p>\n","protected":false},"author":1,"featured_media":377,"comment_status":"closed","ping_status":"","sticky":false,"template":"","format":"standard","meta":{"footnotes":"","_links_to":"","_links_to_target":""},"categories":[28,25],"tags":[29],"class_list":["post-378","post","type-post","status-publish","format-standard","has-post-thumbnail","hentry","category-cassa-di-sapone-soapbox","category-editoriale-del-giorno","tag-argentina","entry","double"],"yoast_head":"<!-- This site is optimized with the Yoast SEO plugin v27.3 - https:\/\/yoast.com\/product\/yoast-seo-wordpress\/ -->\n<title>Argentina libertaria e la grande purga staliniana - SoapBoxOrators.org<\/title>\n<meta name=\"robots\" content=\"noindex, follow, max-snippet:-1, max-image-preview:large, max-video-preview:-1\" \/>\n<meta property=\"og:locale\" content=\"es_ES\" \/>\n<meta property=\"og:type\" content=\"article\" \/>\n<meta property=\"og:title\" content=\"Argentina libertaria e la grande purga staliniana - SoapBoxOrators.org\" \/>\n<meta property=\"og:description\" content=\"\ud83c\uddee\ud83c\uddf9 VERSIONE ITALIANA (Adattamento editoriale \u2013 Edizione Premium) I \u201cfazzoletti neri\u201d debuttano a Plaza de Mayo con una richiesta che scuote ogni partito: se c\u2019\u00e8 stata giustizia, dimostratelo; se \u00e8 stata vendetta, ammettetelo. Il dibattito pi\u00f9 proibito del Paese arriva finalmente in piazza.\" \/>\n<meta property=\"og:url\" content=\"https:\/\/soapboxorators.org\/news\/2025\/11\/27\/argentina-libertaria-e-la-grande-purga-staliniana\/\" \/>\n<meta property=\"og:site_name\" content=\"SoapBoxOrators.org\" \/>\n<meta property=\"article:published_time\" content=\"2025-11-27T23:38:32+00:00\" \/>\n<meta property=\"og:image\" content=\"https:\/\/soapboxorators.org\/news\/wp-content\/uploads\/2025\/11\/img_1076-2.jpg\" \/>\n\t<meta property=\"og:image:width\" content=\"800\" \/>\n\t<meta property=\"og:image:height\" content=\"800\" \/>\n\t<meta property=\"og:image:type\" content=\"image\/jpeg\" \/>\n<meta name=\"author\" content=\"Desk SalaStampa.eu\" \/>\n<meta name=\"twitter:card\" content=\"summary_large_image\" \/>\n<meta name=\"twitter:label1\" content=\"Escrito por\" \/>\n\t<meta name=\"twitter:data1\" content=\"Desk SalaStampa.eu\" \/>\n\t<meta name=\"twitter:label2\" content=\"Tiempo de lectura\" \/>\n\t<meta name=\"twitter:data2\" content=\"1 minuto\" \/>\n<script type=\"application\/ld+json\" class=\"yoast-schema-graph\">{\"@context\":\"https:\\\/\\\/schema.org\",\"@graph\":[{\"@type\":\"Article\",\"@id\":\"https:\\\/\\\/soapboxorators.org\\\/news\\\/2025\\\/11\\\/27\\\/argentina-libertaria-e-la-grande-purga-staliniana\\\/#article\",\"isPartOf\":{\"@id\":\"https:\\\/\\\/soapboxorators.org\\\/news\\\/2025\\\/11\\\/27\\\/argentina-libertaria-e-la-grande-purga-staliniana\\\/\"},\"author\":{\"name\":\"Desk SalaStampa.eu\",\"@id\":\"https:\\\/\\\/soapboxorators.org\\\/news\\\/#\\\/schema\\\/person\\\/6bcede769f1b93d49e107360dfb687a1\"},\"headline\":\"Argentina libertaria e la grande purga staliniana\",\"datePublished\":\"2025-11-27T23:38:32+00:00\",\"mainEntityOfPage\":{\"@id\":\"https:\\\/\\\/soapboxorators.org\\\/news\\\/2025\\\/11\\\/27\\\/argentina-libertaria-e-la-grande-purga-staliniana\\\/\"},\"wordCount\":191,\"publisher\":{\"@id\":\"https:\\\/\\\/soapboxorators.org\\\/news\\\/#organization\"},\"image\":{\"@id\":\"https:\\\/\\\/soapboxorators.org\\\/news\\\/2025\\\/11\\\/27\\\/argentina-libertaria-e-la-grande-purga-staliniana\\\/#primaryimage\"},\"thumbnailUrl\":\"https:\\\/\\\/soapboxorators.org\\\/news\\\/wp-content\\\/uploads\\\/2025\\\/11\\\/img_1076-2.jpg\",\"keywords\":[\"Argentina\"],\"articleSection\":[\"Cassa di Sapone \\\/ Soapbox\",\"Editoriale del Giorno\"],\"inLanguage\":\"es-AR\"},{\"@type\":\"WebPage\",\"@id\":\"https:\\\/\\\/soapboxorators.org\\\/news\\\/2025\\\/11\\\/27\\\/argentina-libertaria-e-la-grande-purga-staliniana\\\/\",\"url\":\"https:\\\/\\\/soapboxorators.org\\\/news\\\/2025\\\/11\\\/27\\\/argentina-libertaria-e-la-grande-purga-staliniana\\\/\",\"name\":\"Argentina libertaria e la grande purga staliniana - SoapBoxOrators.org\",\"isPartOf\":{\"@id\":\"https:\\\/\\\/soapboxorators.org\\\/news\\\/#website\"},\"primaryImageOfPage\":{\"@id\":\"https:\\\/\\\/soapboxorators.org\\\/news\\\/2025\\\/11\\\/27\\\/argentina-libertaria-e-la-grande-purga-staliniana\\\/#primaryimage\"},\"image\":{\"@id\":\"https:\\\/\\\/soapboxorators.org\\\/news\\\/2025\\\/11\\\/27\\\/argentina-libertaria-e-la-grande-purga-staliniana\\\/#primaryimage\"},\"thumbnailUrl\":\"https:\\\/\\\/soapboxorators.org\\\/news\\\/wp-content\\\/uploads\\\/2025\\\/11\\\/img_1076-2.jpg\",\"datePublished\":\"2025-11-27T23:38:32+00:00\",\"breadcrumb\":{\"@id\":\"https:\\\/\\\/soapboxorators.org\\\/news\\\/2025\\\/11\\\/27\\\/argentina-libertaria-e-la-grande-purga-staliniana\\\/#breadcrumb\"},\"inLanguage\":\"es-AR\",\"potentialAction\":[{\"@type\":\"ReadAction\",\"target\":[\"https:\\\/\\\/soapboxorators.org\\\/news\\\/2025\\\/11\\\/27\\\/argentina-libertaria-e-la-grande-purga-staliniana\\\/\"]}]},{\"@type\":\"ImageObject\",\"inLanguage\":\"es-AR\",\"@id\":\"https:\\\/\\\/soapboxorators.org\\\/news\\\/2025\\\/11\\\/27\\\/argentina-libertaria-e-la-grande-purga-staliniana\\\/#primaryimage\",\"url\":\"https:\\\/\\\/soapboxorators.org\\\/news\\\/wp-content\\\/uploads\\\/2025\\\/11\\\/img_1076-2.jpg\",\"contentUrl\":\"https:\\\/\\\/soapboxorators.org\\\/news\\\/wp-content\\\/uploads\\\/2025\\\/11\\\/img_1076-2.jpg\",\"width\":800,\"height\":800},{\"@type\":\"BreadcrumbList\",\"@id\":\"https:\\\/\\\/soapboxorators.org\\\/news\\\/2025\\\/11\\\/27\\\/argentina-libertaria-e-la-grande-purga-staliniana\\\/#breadcrumb\",\"itemListElement\":[{\"@type\":\"ListItem\",\"position\":1,\"name\":\"Inicio\",\"item\":\"https:\\\/\\\/soapboxorators.org\\\/news\\\/\"},{\"@type\":\"ListItem\",\"position\":2,\"name\":\"Argentina libertaria e la grande purga staliniana\"}]},{\"@type\":\"WebSite\",\"@id\":\"https:\\\/\\\/soapboxorators.org\\\/news\\\/#website\",\"url\":\"https:\\\/\\\/soapboxorators.org\\\/news\\\/\",\"name\":\"SoapBoxOrators.org\",\"description\":\"Plataforma de Oradores - Piattaforma di Oratori-  \u6f14\u8bb2\u8005\u5e73\u53f0 - \u0645\u0646\u0635\u0629 \u0627\u0644\u0645\u062a\u062d\u062f\u062b\u064a\u0646 - \u09ac\u0995\u09cd\u09a4\u09be\u09a6\u09c7\u09b0 \u09aa\u09cd\u09b2\u09cd\u09af\u09be\u099f\u09ab\u09b0\u09cd\u09ae\",\"publisher\":{\"@id\":\"https:\\\/\\\/soapboxorators.org\\\/news\\\/#organization\"},\"potentialAction\":[{\"@type\":\"SearchAction\",\"target\":{\"@type\":\"EntryPoint\",\"urlTemplate\":\"https:\\\/\\\/soapboxorators.org\\\/news\\\/?s={search_term_string}\"},\"query-input\":{\"@type\":\"PropertyValueSpecification\",\"valueRequired\":true,\"valueName\":\"search_term_string\"}}],\"inLanguage\":\"es-AR\"},{\"@type\":\"Organization\",\"@id\":\"https:\\\/\\\/soapboxorators.org\\\/news\\\/#organization\",\"name\":\"Guzzo Photos & Graphic Publications\",\"url\":\"https:\\\/\\\/soapboxorators.org\\\/news\\\/\",\"logo\":{\"@type\":\"ImageObject\",\"inLanguage\":\"es-AR\",\"@id\":\"https:\\\/\\\/soapboxorators.org\\\/news\\\/#\\\/schema\\\/logo\\\/image\\\/\",\"url\":\"https:\\\/\\\/soapboxorators.org\\\/news\\\/wp-content\\\/uploads\\\/2025\\\/08\\\/soapboxorators_520.png\",\"contentUrl\":\"https:\\\/\\\/soapboxorators.org\\\/news\\\/wp-content\\\/uploads\\\/2025\\\/08\\\/soapboxorators_520.png\",\"width\":520,\"height\":50,\"caption\":\"Guzzo Photos & Graphic Publications\"},\"image\":{\"@id\":\"https:\\\/\\\/soapboxorators.org\\\/news\\\/#\\\/schema\\\/logo\\\/image\\\/\"}},{\"@type\":\"Person\",\"@id\":\"https:\\\/\\\/soapboxorators.org\\\/news\\\/#\\\/schema\\\/person\\\/6bcede769f1b93d49e107360dfb687a1\",\"name\":\"Desk SalaStampa.eu\",\"sameAs\":[\"https:\\\/\\\/soapboxorators.org\\\/news\"],\"url\":\"https:\\\/\\\/soapboxorators.org\\\/news\\\/author\\\/rubines\\\/\"}]}<\/script>\n<!-- \/ Yoast SEO plugin. -->","yoast_head_json":{"title":"Argentina libertaria e la grande purga staliniana - SoapBoxOrators.org","robots":{"index":"noindex","follow":"follow","max-snippet":"max-snippet:-1","max-image-preview":"max-image-preview:large","max-video-preview":"max-video-preview:-1"},"og_locale":"es_ES","og_type":"article","og_title":"Argentina libertaria e la grande purga staliniana - SoapBoxOrators.org","og_description":"\ud83c\uddee\ud83c\uddf9 VERSIONE ITALIANA (Adattamento editoriale \u2013 Edizione Premium) I \u201cfazzoletti neri\u201d debuttano a Plaza de Mayo con una richiesta che scuote ogni partito: se c\u2019\u00e8 stata giustizia, dimostratelo; se \u00e8 stata vendetta, ammettetelo. Il dibattito pi\u00f9 proibito del Paese arriva finalmente in piazza.","og_url":"https:\/\/soapboxorators.org\/news\/2025\/11\/27\/argentina-libertaria-e-la-grande-purga-staliniana\/","og_site_name":"SoapBoxOrators.org","article_published_time":"2025-11-27T23:38:32+00:00","og_image":[{"width":800,"height":800,"url":"https:\/\/soapboxorators.org\/news\/wp-content\/uploads\/2025\/11\/img_1076-2.jpg","type":"image\/jpeg"}],"author":"Desk SalaStampa.eu","twitter_card":"summary_large_image","twitter_misc":{"Escrito por":"Desk SalaStampa.eu","Tiempo de lectura":"1 minuto"},"schema":{"@context":"https:\/\/schema.org","@graph":[{"@type":"Article","@id":"https:\/\/soapboxorators.org\/news\/2025\/11\/27\/argentina-libertaria-e-la-grande-purga-staliniana\/#article","isPartOf":{"@id":"https:\/\/soapboxorators.org\/news\/2025\/11\/27\/argentina-libertaria-e-la-grande-purga-staliniana\/"},"author":{"name":"Desk SalaStampa.eu","@id":"https:\/\/soapboxorators.org\/news\/#\/schema\/person\/6bcede769f1b93d49e107360dfb687a1"},"headline":"Argentina libertaria e la grande purga staliniana","datePublished":"2025-11-27T23:38:32+00:00","mainEntityOfPage":{"@id":"https:\/\/soapboxorators.org\/news\/2025\/11\/27\/argentina-libertaria-e-la-grande-purga-staliniana\/"},"wordCount":191,"publisher":{"@id":"https:\/\/soapboxorators.org\/news\/#organization"},"image":{"@id":"https:\/\/soapboxorators.org\/news\/2025\/11\/27\/argentina-libertaria-e-la-grande-purga-staliniana\/#primaryimage"},"thumbnailUrl":"https:\/\/soapboxorators.org\/news\/wp-content\/uploads\/2025\/11\/img_1076-2.jpg","keywords":["Argentina"],"articleSection":["Cassa di Sapone \/ Soapbox","Editoriale del Giorno"],"inLanguage":"es-AR"},{"@type":"WebPage","@id":"https:\/\/soapboxorators.org\/news\/2025\/11\/27\/argentina-libertaria-e-la-grande-purga-staliniana\/","url":"https:\/\/soapboxorators.org\/news\/2025\/11\/27\/argentina-libertaria-e-la-grande-purga-staliniana\/","name":"Argentina libertaria e la grande purga staliniana - SoapBoxOrators.org","isPartOf":{"@id":"https:\/\/soapboxorators.org\/news\/#website"},"primaryImageOfPage":{"@id":"https:\/\/soapboxorators.org\/news\/2025\/11\/27\/argentina-libertaria-e-la-grande-purga-staliniana\/#primaryimage"},"image":{"@id":"https:\/\/soapboxorators.org\/news\/2025\/11\/27\/argentina-libertaria-e-la-grande-purga-staliniana\/#primaryimage"},"thumbnailUrl":"https:\/\/soapboxorators.org\/news\/wp-content\/uploads\/2025\/11\/img_1076-2.jpg","datePublished":"2025-11-27T23:38:32+00:00","breadcrumb":{"@id":"https:\/\/soapboxorators.org\/news\/2025\/11\/27\/argentina-libertaria-e-la-grande-purga-staliniana\/#breadcrumb"},"inLanguage":"es-AR","potentialAction":[{"@type":"ReadAction","target":["https:\/\/soapboxorators.org\/news\/2025\/11\/27\/argentina-libertaria-e-la-grande-purga-staliniana\/"]}]},{"@type":"ImageObject","inLanguage":"es-AR","@id":"https:\/\/soapboxorators.org\/news\/2025\/11\/27\/argentina-libertaria-e-la-grande-purga-staliniana\/#primaryimage","url":"https:\/\/soapboxorators.org\/news\/wp-content\/uploads\/2025\/11\/img_1076-2.jpg","contentUrl":"https:\/\/soapboxorators.org\/news\/wp-content\/uploads\/2025\/11\/img_1076-2.jpg","width":800,"height":800},{"@type":"BreadcrumbList","@id":"https:\/\/soapboxorators.org\/news\/2025\/11\/27\/argentina-libertaria-e-la-grande-purga-staliniana\/#breadcrumb","itemListElement":[{"@type":"ListItem","position":1,"name":"Inicio","item":"https:\/\/soapboxorators.org\/news\/"},{"@type":"ListItem","position":2,"name":"Argentina libertaria e la grande purga staliniana"}]},{"@type":"WebSite","@id":"https:\/\/soapboxorators.org\/news\/#website","url":"https:\/\/soapboxorators.org\/news\/","name":"SoapBoxOrators.org","description":"Plataforma de Oradores - Piattaforma di Oratori-  \u6f14\u8bb2\u8005\u5e73\u53f0 - \u0645\u0646\u0635\u0629 \u0627\u0644\u0645\u062a\u062d\u062f\u062b\u064a\u0646 - \u09ac\u0995\u09cd\u09a4\u09be\u09a6\u09c7\u09b0 \u09aa\u09cd\u09b2\u09cd\u09af\u09be\u099f\u09ab\u09b0\u09cd\u09ae","publisher":{"@id":"https:\/\/soapboxorators.org\/news\/#organization"},"potentialAction":[{"@type":"SearchAction","target":{"@type":"EntryPoint","urlTemplate":"https:\/\/soapboxorators.org\/news\/?s={search_term_string}"},"query-input":{"@type":"PropertyValueSpecification","valueRequired":true,"valueName":"search_term_string"}}],"inLanguage":"es-AR"},{"@type":"Organization","@id":"https:\/\/soapboxorators.org\/news\/#organization","name":"Guzzo Photos & Graphic Publications","url":"https:\/\/soapboxorators.org\/news\/","logo":{"@type":"ImageObject","inLanguage":"es-AR","@id":"https:\/\/soapboxorators.org\/news\/#\/schema\/logo\/image\/","url":"https:\/\/soapboxorators.org\/news\/wp-content\/uploads\/2025\/08\/soapboxorators_520.png","contentUrl":"https:\/\/soapboxorators.org\/news\/wp-content\/uploads\/2025\/08\/soapboxorators_520.png","width":520,"height":50,"caption":"Guzzo Photos & Graphic Publications"},"image":{"@id":"https:\/\/soapboxorators.org\/news\/#\/schema\/logo\/image\/"}},{"@type":"Person","@id":"https:\/\/soapboxorators.org\/news\/#\/schema\/person\/6bcede769f1b93d49e107360dfb687a1","name":"Desk SalaStampa.eu","sameAs":["https:\/\/soapboxorators.org\/news"],"url":"https:\/\/soapboxorators.org\/news\/author\/rubines\/"}]}},"views":198,"_links":{"self":[{"href":"https:\/\/soapboxorators.org\/news\/wp-json\/wp\/v2\/posts\/378","targetHints":{"allow":["GET"]}}],"collection":[{"href":"https:\/\/soapboxorators.org\/news\/wp-json\/wp\/v2\/posts"}],"about":[{"href":"https:\/\/soapboxorators.org\/news\/wp-json\/wp\/v2\/types\/post"}],"author":[{"embeddable":true,"href":"https:\/\/soapboxorators.org\/news\/wp-json\/wp\/v2\/users\/1"}],"replies":[{"embeddable":true,"href":"https:\/\/soapboxorators.org\/news\/wp-json\/wp\/v2\/comments?post=378"}],"version-history":[{"count":0,"href":"https:\/\/soapboxorators.org\/news\/wp-json\/wp\/v2\/posts\/378\/revisions"}],"wp:featuredmedia":[{"embeddable":true,"href":"https:\/\/soapboxorators.org\/news\/wp-json\/wp\/v2\/media\/377"}],"wp:attachment":[{"href":"https:\/\/soapboxorators.org\/news\/wp-json\/wp\/v2\/media?parent=378"}],"wp:term":[{"taxonomy":"category","embeddable":true,"href":"https:\/\/soapboxorators.org\/news\/wp-json\/wp\/v2\/categories?post=378"},{"taxonomy":"post_tag","embeddable":true,"href":"https:\/\/soapboxorators.org\/news\/wp-json\/wp\/v2\/tags?post=378"}],"curies":[{"name":"wp","href":"https:\/\/api.w.org\/{rel}","templated":true}]}}