{"id":356,"date":"2025-11-25T02:36:53","date_gmt":"2025-11-25T05:36:53","guid":{"rendered":"https:\/\/soapboxorators.org\/news\/?p=356"},"modified":"2025-11-25T11:30:18","modified_gmt":"2025-11-25T14:30:18","slug":"unidos-por-el-espanto","status":"publish","type":"post","link":"https:\/\/soapboxorators.org\/news\/2025\/11\/25\/unidos-por-el-espanto\/","title":{"rendered":"\u201cUnidos por el espanto\u201d"},"content":{"rendered":"\n<figure class=\"wp-block-image size-large\"><img loading=\"lazy\" decoding=\"async\" width=\"600\" height=\"390\" src=\"https:\/\/soapboxorators.org\/news\/wp-content\/uploads\/2025\/11\/img_1053.jpg\" alt=\"\" class=\"wp-image-357\" srcset=\"https:\/\/soapboxorators.org\/news\/wp-content\/uploads\/2025\/11\/img_1053.jpg 600w, https:\/\/soapboxorators.org\/news\/wp-content\/uploads\/2025\/11\/img_1053-300x195.jpg 300w\" sizes=\"auto, (max-width: 600px) 100vw, 600px\" \/><figcaption class=\"wp-element-caption\">(foto Ugcc)<\/figcaption><\/figure>\n\n\n\n<p class=\"p1\">El Arzobispo Mayor de Kiev, Sviatoslav Shevchuk, no necesit\u00f3 elevar el tono. Bast\u00f3 con nombrar el espanto: \u201cEsto ya no es una guerra, es una masacre deliberada de la poblaci\u00f3n civil\u201d. La frase cay\u00f3 como un aldabonazo entre quienes todav\u00eda se empe\u00f1an en leer la invasi\u00f3n rusa como un tablero geopol\u00edtico y no como la tragedia humana que se desangra cada noche en Ucrania.<\/p>\n\n\n\n<p class=\"p1\">El ataque masivo del 19 de noviembre dej\u00f3 decenas de muertos y m\u00e1s de un centenar de heridos. Entre ellos, seis ni\u00f1os. Seis. Y Shevchuk record\u00f3 a los otros 668 menores ucranianos que no alcanzaron a crecer en estos cuatro a\u00f1os de horror. Nada m\u00e1s elocuente que esas cifras, que por s\u00ed solas deber\u00edan disolver cualquier coartada diplom\u00e1tica.<\/p>\n\n\n\n<p class=\"p1\">En paralelo, Ucrania conmemor\u00f3 el Holodomor: la hambruna planificada de 1932-1933, uno de los cr\u00edmenes m\u00e1s brutales del r\u00e9gimen sovi\u00e9tico. Pero este a\u00f1o, las velas encendidas por las v\u00edctimas parecieron iluminar un eco inc\u00f3modo: aquello que la memoria pretende conjurar est\u00e1 volviendo en forma de misiles.<\/p>\n\n\n\n<p class=\"p1\">En Kiev, representantes del Consejo Panucraniano de Iglesias y Organizaciones Religiosas rezaron juntos. Zelensky, presente en primera fila, escuch\u00f3 el llamado moral de una ceremonia que dej\u00f3 de ser ritual para convertirse en advertencia. A su lado, l\u00edderes religiosos repet\u00edan la plegaria com\u00fan: detener al agresor antes de que la historia se complete como un c\u00edrculo de tragedias.<\/p>\n\n\n\n<p class=\"p1\">\u201cHoy es crucial detener la mano asesina del agresor ruso\u201d, insisti\u00f3 Hadil, en nombre de la Iglesia Greco-Cat\u00f3lica Ucraniana. No fue una frase m\u00e1s: fue la constataci\u00f3n de que la memoria, sin acci\u00f3n, es apenas un luto educado.<\/p>\n\n\n\n<p class=\"p1\">Ucrania no llora solamente a sus muertos del pasado: llora para que no haya m\u00e1s. Y cada misil que cae sobre civiles confirma lo que Shevchuk subray\u00f3 sin rodeos: hay momentos en que la humanidad se juega en voz alta, aunque el mundo finja no escuchar.<\/p>\n\n\n\n<p class=\"p1\">Porque el Holodomor se recuerda para que no vuelva. Pero la lluvia de misiles demuestra que, para algunos, la historia sigue siendo un manual de repetici\u00f3n.<\/p>\n\n\n\n<p class=\"p1\">Y Ucrania, de nuevo, paga el precio.<\/p>\n\n\n\n<p>\u270d\ufe0f \u00a9 2025 El Sastre de las Palabras &#8211; Todos los derechos reservados<\/p>\n\n\n\n<p><\/p>\n\n\n<hr style=\"\n    border: none;\n    height: 1px;\n    background: linear-gradient(to right, transparent, #ccc, transparent);\n    margin: 0;\n\" \/>\n<\/p>\n<p><strong>\u00bfQuieres decir algo?<\/strong><\/p>\n<p>\ud83d\udcec Env\u00eda tu texto a : email@soapboxorators.org o s\u00fabelo a la Speakers&#8217; Box: SoapBoxOrators.org.<\/p>\n<p><!-- \/wp:post-content --><\/p>\n<form action=\"https:\/\/formspree.io\/f\/mjkrjzed\" method=\"POST\">\n  <label for=\"name\">Nombre o seud\u00f3nimo:<\/label><br \/>\n  <input type=\"text\" id=\"name\" name=\"name\" required><\/p>\n<p>  <label for=\"title\">T\u00edtulo del discurso\/editorial:<\/label><br \/>\n  <input type=\"text\" id=\"title\" name=\"title\" required><\/p>\n<p>  <label for=\"message\">Texto (m\u00e1x. 3.000 caracteres):<\/label><br \/>\n  <textarea id=\"message\" name=\"message\" rows=\"10\" maxlength=\"3000\" required><\/textarea><\/p>\n<p>  <label><br \/>\n    <input type=\"checkbox\" name=\"consent\" required><br \/>\n    Autorizo la publicaci\u00f3n de este texto en SoapboxOrators.org<br \/>\n  <\/label><\/p>\n<p>  <button type=\"submit\">Enviar<\/button><br \/>\n  <button type=\"reset\">Borrar formulario<\/button><\/p>\n<\/form>\n<p><!-- wp:paragraph --><\/p>\n<p><!-- \/wp:paragraph --><\/p>\n<p><!-- wp:paragraph --><\/p>\n<p><!-- \/wp:paragraph --><\/p>\n<p><small>\u00a9\ufe0f2025  Guzzo Photos  &#038; Graphic Publications \u2013 All Rights Reserved \u2013 Copyright \u00a9\ufe0f 2025 ElCanillita.info \/ SoapBoxOrators.org \/SalaStampa.eu, world press service \u2013 Guzzo Photos &#038; Graphic Publications \u2013 Registro Editori e Stampatori n. 1441 Turin, Italy<\/small><\/p>\n\n<!-- wp:paragraph -->\n<p>\ud83c\udde8\ud83c\uddf3 \u4e2d\u6587\uff08\u7b80\u4f53\uff09<br><a href=\"https:\/\/salastampa.eu\/news\">\u27e8 \u524d\u5f80 SalaStampa.eu \u9605\u8bfb\u5b8c\u6574\u5185\u5bb9 \u27e9<\/a><\/p>\n<!-- \/wp:paragraph -->","protected":false},"excerpt":{"rendered":"<p>Cuando la historia se repite a golpes de misil, la memoria deja de ser un acto ceremonial y vuelve a ser un grito urgente. (foto Ugcc)<\/p>\n","protected":false},"author":4,"featured_media":358,"comment_status":"closed","ping_status":"closed","sticky":false,"template":"","format":"standard","meta":{"footnotes":"","_links_to":"","_links_to_target":""},"categories":[6,9],"tags":[47],"class_list":["post-356","post","type-post","status-publish","format-standard","has-post-thumbnail","hentry","category-actualidad-editorial","category-oradores-de-plataforma-soapbox","tag-ucraina","entry","double"],"yoast_head":"<!-- This site is optimized with the Yoast SEO plugin v27.3 - https:\/\/yoast.com\/product\/yoast-seo-wordpress\/ -->\n<title>\u201cUnidos por el espanto\u201d - SoapBoxOrators.org<\/title>\n<meta name=\"robots\" content=\"noindex, follow, max-snippet:-1, max-image-preview:large, max-video-preview:-1\" \/>\n<meta property=\"og:locale\" content=\"es_ES\" \/>\n<meta property=\"og:type\" content=\"article\" \/>\n<meta property=\"og:title\" content=\"\u201cUnidos por el espanto\u201d - SoapBoxOrators.org\" \/>\n<meta property=\"og:description\" content=\"Cuando la historia se repite a golpes de misil, la memoria deja de ser un acto ceremonial y vuelve a ser un grito urgente. (foto Ugcc)\" \/>\n<meta property=\"og:url\" content=\"https:\/\/soapboxorators.org\/news\/2025\/11\/25\/unidos-por-el-espanto\/\" \/>\n<meta property=\"og:site_name\" content=\"SoapBoxOrators.org\" \/>\n<meta property=\"article:published_time\" content=\"2025-11-25T05:36:53+00:00\" \/>\n<meta property=\"article:modified_time\" content=\"2025-11-25T14:30:18+00:00\" \/>\n<meta property=\"og:image\" content=\"https:\/\/soapboxorators.org\/news\/wp-content\/uploads\/2025\/11\/img_1052.jpg\" \/>\n\t<meta property=\"og:image:width\" content=\"600\" \/>\n\t<meta property=\"og:image:height\" content=\"400\" \/>\n\t<meta property=\"og:image:type\" content=\"image\/jpeg\" \/>\n<meta name=\"author\" content=\"The Tailor of Words\" \/>\n<meta name=\"twitter:card\" content=\"summary_large_image\" \/>\n<meta name=\"twitter:label1\" content=\"Escrito por\" \/>\n\t<meta name=\"twitter:data1\" content=\"The Tailor of Words\" \/>\n\t<meta name=\"twitter:label2\" content=\"Tiempo de lectura\" \/>\n\t<meta name=\"twitter:data2\" content=\"3 minutos\" \/>\n<script type=\"application\/ld+json\" class=\"yoast-schema-graph\">{\"@context\":\"https:\\\/\\\/schema.org\",\"@graph\":[{\"@type\":\"Article\",\"@id\":\"https:\\\/\\\/soapboxorators.org\\\/news\\\/2025\\\/11\\\/25\\\/unidos-por-el-espanto\\\/#article\",\"isPartOf\":{\"@id\":\"https:\\\/\\\/soapboxorators.org\\\/news\\\/2025\\\/11\\\/25\\\/unidos-por-el-espanto\\\/\"},\"author\":{\"name\":\"The Tailor of Words\",\"@id\":\"https:\\\/\\\/soapboxorators.org\\\/news\\\/#\\\/schema\\\/person\\\/dd18d90f0832c0321ab186330369af0b\"},\"headline\":\"\u201cUnidos por el espanto\u201d\",\"datePublished\":\"2025-11-25T05:36:53+00:00\",\"dateModified\":\"2025-11-25T14:30:18+00:00\",\"mainEntityOfPage\":{\"@id\":\"https:\\\/\\\/soapboxorators.org\\\/news\\\/2025\\\/11\\\/25\\\/unidos-por-el-espanto\\\/\"},\"wordCount\":461,\"publisher\":{\"@id\":\"https:\\\/\\\/soapboxorators.org\\\/news\\\/#organization\"},\"image\":{\"@id\":\"https:\\\/\\\/soapboxorators.org\\\/news\\\/2025\\\/11\\\/25\\\/unidos-por-el-espanto\\\/#primaryimage\"},\"thumbnailUrl\":\"https:\\\/\\\/soapboxorators.org\\\/news\\\/wp-content\\\/uploads\\\/2025\\\/11\\\/img_1052.jpg\",\"keywords\":[\"Ucraina\"],\"articleSection\":[\"Actualidad Editorial\",\"Oradores de Plataforma \\\/ SoapBox\"],\"inLanguage\":\"es-AR\"},{\"@type\":\"WebPage\",\"@id\":\"https:\\\/\\\/soapboxorators.org\\\/news\\\/2025\\\/11\\\/25\\\/unidos-por-el-espanto\\\/\",\"url\":\"https:\\\/\\\/soapboxorators.org\\\/news\\\/2025\\\/11\\\/25\\\/unidos-por-el-espanto\\\/\",\"name\":\"\u201cUnidos por el espanto\u201d - SoapBoxOrators.org\",\"isPartOf\":{\"@id\":\"https:\\\/\\\/soapboxorators.org\\\/news\\\/#website\"},\"primaryImageOfPage\":{\"@id\":\"https:\\\/\\\/soapboxorators.org\\\/news\\\/2025\\\/11\\\/25\\\/unidos-por-el-espanto\\\/#primaryimage\"},\"image\":{\"@id\":\"https:\\\/\\\/soapboxorators.org\\\/news\\\/2025\\\/11\\\/25\\\/unidos-por-el-espanto\\\/#primaryimage\"},\"thumbnailUrl\":\"https:\\\/\\\/soapboxorators.org\\\/news\\\/wp-content\\\/uploads\\\/2025\\\/11\\\/img_1052.jpg\",\"datePublished\":\"2025-11-25T05:36:53+00:00\",\"dateModified\":\"2025-11-25T14:30:18+00:00\",\"breadcrumb\":{\"@id\":\"https:\\\/\\\/soapboxorators.org\\\/news\\\/2025\\\/11\\\/25\\\/unidos-por-el-espanto\\\/#breadcrumb\"},\"inLanguage\":\"es-AR\",\"potentialAction\":[{\"@type\":\"ReadAction\",\"target\":[\"https:\\\/\\\/soapboxorators.org\\\/news\\\/2025\\\/11\\\/25\\\/unidos-por-el-espanto\\\/\"]}]},{\"@type\":\"ImageObject\",\"inLanguage\":\"es-AR\",\"@id\":\"https:\\\/\\\/soapboxorators.org\\\/news\\\/2025\\\/11\\\/25\\\/unidos-por-el-espanto\\\/#primaryimage\",\"url\":\"https:\\\/\\\/soapboxorators.org\\\/news\\\/wp-content\\\/uploads\\\/2025\\\/11\\\/img_1052.jpg\",\"contentUrl\":\"https:\\\/\\\/soapboxorators.org\\\/news\\\/wp-content\\\/uploads\\\/2025\\\/11\\\/img_1052.jpg\",\"width\":600,\"height\":400},{\"@type\":\"BreadcrumbList\",\"@id\":\"https:\\\/\\\/soapboxorators.org\\\/news\\\/2025\\\/11\\\/25\\\/unidos-por-el-espanto\\\/#breadcrumb\",\"itemListElement\":[{\"@type\":\"ListItem\",\"position\":1,\"name\":\"Inicio\",\"item\":\"https:\\\/\\\/soapboxorators.org\\\/news\\\/\"},{\"@type\":\"ListItem\",\"position\":2,\"name\":\"\u201cUnidos por el espanto\u201d\"}]},{\"@type\":\"WebSite\",\"@id\":\"https:\\\/\\\/soapboxorators.org\\\/news\\\/#website\",\"url\":\"https:\\\/\\\/soapboxorators.org\\\/news\\\/\",\"name\":\"SoapBoxOrators.org\",\"description\":\"Plataforma de Oradores - Piattaforma di Oratori-  \u6f14\u8bb2\u8005\u5e73\u53f0 - \u0645\u0646\u0635\u0629 \u0627\u0644\u0645\u062a\u062d\u062f\u062b\u064a\u0646 - \u09ac\u0995\u09cd\u09a4\u09be\u09a6\u09c7\u09b0 \u09aa\u09cd\u09b2\u09cd\u09af\u09be\u099f\u09ab\u09b0\u09cd\u09ae\",\"publisher\":{\"@id\":\"https:\\\/\\\/soapboxorators.org\\\/news\\\/#organization\"},\"potentialAction\":[{\"@type\":\"SearchAction\",\"target\":{\"@type\":\"EntryPoint\",\"urlTemplate\":\"https:\\\/\\\/soapboxorators.org\\\/news\\\/?s={search_term_string}\"},\"query-input\":{\"@type\":\"PropertyValueSpecification\",\"valueRequired\":true,\"valueName\":\"search_term_string\"}}],\"inLanguage\":\"es-AR\"},{\"@type\":\"Organization\",\"@id\":\"https:\\\/\\\/soapboxorators.org\\\/news\\\/#organization\",\"name\":\"Guzzo Photos & Graphic Publications\",\"url\":\"https:\\\/\\\/soapboxorators.org\\\/news\\\/\",\"logo\":{\"@type\":\"ImageObject\",\"inLanguage\":\"es-AR\",\"@id\":\"https:\\\/\\\/soapboxorators.org\\\/news\\\/#\\\/schema\\\/logo\\\/image\\\/\",\"url\":\"https:\\\/\\\/soapboxorators.org\\\/news\\\/wp-content\\\/uploads\\\/2025\\\/08\\\/soapboxorators_520.png\",\"contentUrl\":\"https:\\\/\\\/soapboxorators.org\\\/news\\\/wp-content\\\/uploads\\\/2025\\\/08\\\/soapboxorators_520.png\",\"width\":520,\"height\":50,\"caption\":\"Guzzo Photos & Graphic Publications\"},\"image\":{\"@id\":\"https:\\\/\\\/soapboxorators.org\\\/news\\\/#\\\/schema\\\/logo\\\/image\\\/\"}},{\"@type\":\"Person\",\"@id\":\"https:\\\/\\\/soapboxorators.org\\\/news\\\/#\\\/schema\\\/person\\\/dd18d90f0832c0321ab186330369af0b\",\"name\":\"The Tailor of Words\",\"sameAs\":[\"http:\\\/\\\/soapboxorators.org\"],\"url\":\"https:\\\/\\\/soapboxorators.org\\\/news\\\/author\\\/the-tailor-of-words\\\/\"}]}<\/script>\n<!-- \/ Yoast SEO plugin. -->","yoast_head_json":{"title":"\u201cUnidos por el espanto\u201d - SoapBoxOrators.org","robots":{"index":"noindex","follow":"follow","max-snippet":"max-snippet:-1","max-image-preview":"max-image-preview:large","max-video-preview":"max-video-preview:-1"},"og_locale":"es_ES","og_type":"article","og_title":"\u201cUnidos por el espanto\u201d - SoapBoxOrators.org","og_description":"Cuando la historia se repite a golpes de misil, la memoria deja de ser un acto ceremonial y vuelve a ser un grito urgente. (foto Ugcc)","og_url":"https:\/\/soapboxorators.org\/news\/2025\/11\/25\/unidos-por-el-espanto\/","og_site_name":"SoapBoxOrators.org","article_published_time":"2025-11-25T05:36:53+00:00","article_modified_time":"2025-11-25T14:30:18+00:00","og_image":[{"width":600,"height":400,"url":"https:\/\/soapboxorators.org\/news\/wp-content\/uploads\/2025\/11\/img_1052.jpg","type":"image\/jpeg"}],"author":"The Tailor of Words","twitter_card":"summary_large_image","twitter_misc":{"Escrito por":"The Tailor of Words","Tiempo de lectura":"3 minutos"},"schema":{"@context":"https:\/\/schema.org","@graph":[{"@type":"Article","@id":"https:\/\/soapboxorators.org\/news\/2025\/11\/25\/unidos-por-el-espanto\/#article","isPartOf":{"@id":"https:\/\/soapboxorators.org\/news\/2025\/11\/25\/unidos-por-el-espanto\/"},"author":{"name":"The Tailor of Words","@id":"https:\/\/soapboxorators.org\/news\/#\/schema\/person\/dd18d90f0832c0321ab186330369af0b"},"headline":"\u201cUnidos por el espanto\u201d","datePublished":"2025-11-25T05:36:53+00:00","dateModified":"2025-11-25T14:30:18+00:00","mainEntityOfPage":{"@id":"https:\/\/soapboxorators.org\/news\/2025\/11\/25\/unidos-por-el-espanto\/"},"wordCount":461,"publisher":{"@id":"https:\/\/soapboxorators.org\/news\/#organization"},"image":{"@id":"https:\/\/soapboxorators.org\/news\/2025\/11\/25\/unidos-por-el-espanto\/#primaryimage"},"thumbnailUrl":"https:\/\/soapboxorators.org\/news\/wp-content\/uploads\/2025\/11\/img_1052.jpg","keywords":["Ucraina"],"articleSection":["Actualidad Editorial","Oradores de Plataforma \/ SoapBox"],"inLanguage":"es-AR"},{"@type":"WebPage","@id":"https:\/\/soapboxorators.org\/news\/2025\/11\/25\/unidos-por-el-espanto\/","url":"https:\/\/soapboxorators.org\/news\/2025\/11\/25\/unidos-por-el-espanto\/","name":"\u201cUnidos por el espanto\u201d - SoapBoxOrators.org","isPartOf":{"@id":"https:\/\/soapboxorators.org\/news\/#website"},"primaryImageOfPage":{"@id":"https:\/\/soapboxorators.org\/news\/2025\/11\/25\/unidos-por-el-espanto\/#primaryimage"},"image":{"@id":"https:\/\/soapboxorators.org\/news\/2025\/11\/25\/unidos-por-el-espanto\/#primaryimage"},"thumbnailUrl":"https:\/\/soapboxorators.org\/news\/wp-content\/uploads\/2025\/11\/img_1052.jpg","datePublished":"2025-11-25T05:36:53+00:00","dateModified":"2025-11-25T14:30:18+00:00","breadcrumb":{"@id":"https:\/\/soapboxorators.org\/news\/2025\/11\/25\/unidos-por-el-espanto\/#breadcrumb"},"inLanguage":"es-AR","potentialAction":[{"@type":"ReadAction","target":["https:\/\/soapboxorators.org\/news\/2025\/11\/25\/unidos-por-el-espanto\/"]}]},{"@type":"ImageObject","inLanguage":"es-AR","@id":"https:\/\/soapboxorators.org\/news\/2025\/11\/25\/unidos-por-el-espanto\/#primaryimage","url":"https:\/\/soapboxorators.org\/news\/wp-content\/uploads\/2025\/11\/img_1052.jpg","contentUrl":"https:\/\/soapboxorators.org\/news\/wp-content\/uploads\/2025\/11\/img_1052.jpg","width":600,"height":400},{"@type":"BreadcrumbList","@id":"https:\/\/soapboxorators.org\/news\/2025\/11\/25\/unidos-por-el-espanto\/#breadcrumb","itemListElement":[{"@type":"ListItem","position":1,"name":"Inicio","item":"https:\/\/soapboxorators.org\/news\/"},{"@type":"ListItem","position":2,"name":"\u201cUnidos por el espanto\u201d"}]},{"@type":"WebSite","@id":"https:\/\/soapboxorators.org\/news\/#website","url":"https:\/\/soapboxorators.org\/news\/","name":"SoapBoxOrators.org","description":"Plataforma de Oradores - Piattaforma di Oratori-  \u6f14\u8bb2\u8005\u5e73\u53f0 - \u0645\u0646\u0635\u0629 \u0627\u0644\u0645\u062a\u062d\u062f\u062b\u064a\u0646 - \u09ac\u0995\u09cd\u09a4\u09be\u09a6\u09c7\u09b0 \u09aa\u09cd\u09b2\u09cd\u09af\u09be\u099f\u09ab\u09b0\u09cd\u09ae","publisher":{"@id":"https:\/\/soapboxorators.org\/news\/#organization"},"potentialAction":[{"@type":"SearchAction","target":{"@type":"EntryPoint","urlTemplate":"https:\/\/soapboxorators.org\/news\/?s={search_term_string}"},"query-input":{"@type":"PropertyValueSpecification","valueRequired":true,"valueName":"search_term_string"}}],"inLanguage":"es-AR"},{"@type":"Organization","@id":"https:\/\/soapboxorators.org\/news\/#organization","name":"Guzzo Photos & Graphic Publications","url":"https:\/\/soapboxorators.org\/news\/","logo":{"@type":"ImageObject","inLanguage":"es-AR","@id":"https:\/\/soapboxorators.org\/news\/#\/schema\/logo\/image\/","url":"https:\/\/soapboxorators.org\/news\/wp-content\/uploads\/2025\/08\/soapboxorators_520.png","contentUrl":"https:\/\/soapboxorators.org\/news\/wp-content\/uploads\/2025\/08\/soapboxorators_520.png","width":520,"height":50,"caption":"Guzzo Photos & Graphic Publications"},"image":{"@id":"https:\/\/soapboxorators.org\/news\/#\/schema\/logo\/image\/"}},{"@type":"Person","@id":"https:\/\/soapboxorators.org\/news\/#\/schema\/person\/dd18d90f0832c0321ab186330369af0b","name":"The Tailor of Words","sameAs":["http:\/\/soapboxorators.org"],"url":"https:\/\/soapboxorators.org\/news\/author\/the-tailor-of-words\/"}]}},"views":139,"_links":{"self":[{"href":"https:\/\/soapboxorators.org\/news\/wp-json\/wp\/v2\/posts\/356","targetHints":{"allow":["GET"]}}],"collection":[{"href":"https:\/\/soapboxorators.org\/news\/wp-json\/wp\/v2\/posts"}],"about":[{"href":"https:\/\/soapboxorators.org\/news\/wp-json\/wp\/v2\/types\/post"}],"author":[{"embeddable":true,"href":"https:\/\/soapboxorators.org\/news\/wp-json\/wp\/v2\/users\/4"}],"replies":[{"embeddable":true,"href":"https:\/\/soapboxorators.org\/news\/wp-json\/wp\/v2\/comments?post=356"}],"version-history":[{"count":0,"href":"https:\/\/soapboxorators.org\/news\/wp-json\/wp\/v2\/posts\/356\/revisions"}],"wp:featuredmedia":[{"embeddable":true,"href":"https:\/\/soapboxorators.org\/news\/wp-json\/wp\/v2\/media\/358"}],"wp:attachment":[{"href":"https:\/\/soapboxorators.org\/news\/wp-json\/wp\/v2\/media?parent=356"}],"wp:term":[{"taxonomy":"category","embeddable":true,"href":"https:\/\/soapboxorators.org\/news\/wp-json\/wp\/v2\/categories?post=356"},{"taxonomy":"post_tag","embeddable":true,"href":"https:\/\/soapboxorators.org\/news\/wp-json\/wp\/v2\/tags?post=356"}],"curies":[{"name":"wp","href":"https:\/\/api.w.org\/{rel}","templated":true}]}}