{"id":346,"date":"2025-10-02T06:06:27","date_gmt":"2025-10-02T09:06:27","guid":{"rendered":"https:\/\/soapboxorators.org\/news\/?p=346"},"modified":"2025-10-02T06:18:58","modified_gmt":"2025-10-02T09:18:58","slug":"flottille-daide-a-gaza-de-thunberg","status":"publish","type":"post","link":"https:\/\/soapboxorators.org\/news\/2025\/10\/02\/flottille-daide-a-gaza-de-thunberg\/","title":{"rendered":"\ud83c\uddeb\ud83c\uddf7 Flottille d\u2019aide \u00e0 Gaza de Thunberg"},"content":{"rendered":"\n<figure class=\"wp-block-image size-large\"><img loading=\"lazy\" decoding=\"async\" width=\"1024\" height=\"1024\" src=\"https:\/\/soapboxorators.org\/news\/wp-content\/uploads\/2025\/10\/bbded664-943d-4c24-8024-8478d805732a-4.jpg\" alt=\"\" class=\"wp-image-347\" srcset=\"https:\/\/soapboxorators.org\/news\/wp-content\/uploads\/2025\/10\/bbded664-943d-4c24-8024-8478d805732a-4.jpg 1024w, https:\/\/soapboxorators.org\/news\/wp-content\/uploads\/2025\/10\/bbded664-943d-4c24-8024-8478d805732a-4-300x300.jpg 300w, https:\/\/soapboxorators.org\/news\/wp-content\/uploads\/2025\/10\/bbded664-943d-4c24-8024-8478d805732a-4-150x150.jpg 150w, https:\/\/soapboxorators.org\/news\/wp-content\/uploads\/2025\/10\/bbded664-943d-4c24-8024-8478d805732a-4-768x768.jpg 768w\" sizes=\"auto, (max-width: 1024px) 100vw, 1024px\" \/><\/figure>\n\n\n\n<p class=\"p1\">Le minist\u00e8re isra\u00e9lien des Affaires \u00e9trang\u00e8res confirme que la Flottille Globale Sumud a \u00e9t\u00e9 intercept\u00e9e pour avoir viol\u00e9 un blocus naval l\u00e9gal et que les personnes \u00e0 bord ont \u00e9t\u00e9 transf\u00e9r\u00e9es dans un port isra\u00e9lien. Mercredi 1er octobre 2025, 21h50 GMT.<\/p>\n\n\n\n<p class=\"p1\">La flottille a rapport\u00e9 avoir \u00e9t\u00e9 intercept\u00e9e et que l\u2019arm\u00e9e isra\u00e9lienne \u00e9tait mont\u00e9e \u00e0 bord de certains navires mercredi soir.<\/p>\n\n\n\n<p class=\"p1\">La flottille, transportant des militants dont Greta Thunberg, avait \u00e9t\u00e9 avertie de se diriger vers le port d\u2019Ashdod, au nord de Gaza, selon le minist\u00e8re isra\u00e9lien. Les responsables isra\u00e9liens ont indiqu\u00e9 que toute aide pouvait \u00eatre transf\u00e9r\u00e9e \u201cpar des canaux s\u00fbrs\u201d. La marine a signal\u00e9 que la flottille approchait d\u2019une zone de combat active et violait un blocus l\u00e9gal. Plusieurs navires ont \u00e9t\u00e9 arr\u00eat\u00e9s et leurs passagers transf\u00e9r\u00e9s vers un port isra\u00e9lien.<\/p>\n\n\n\n<p class=\"p1\">Dans un communiqu\u00e9 s\u00e9par\u00e9, le minist\u00e8re a affirm\u00e9 que Thunberg et ses \u201camis\u201d \u00e9taient sains et saufs.<\/p>\n\n\n\n<p class=\"p1\">Pr\u00e8s de 20 embarcations non identifi\u00e9es avaient \u00e9t\u00e9 aper\u00e7ues s\u2019approchant, selon des t\u00e9moins. Les passagers avaient rev\u00eatu leurs gilets de sauvetage et d\u00e9clar\u00e9 l\u2019\u00e9tat d\u2019urgence.<\/p>\n\n\n\n<p class=\"p1\">Les organisateurs ont d\u00e9nonc\u00e9 sur X : \u201cNos bateaux sont intercept\u00e9s ill\u00e9galement. Les cam\u00e9ras sont \u00e9teintes et des militaires montent \u00e0 bord. Nous tentons de confirmer la s\u00e9curit\u00e9 de tous les participants\u201d.<\/p>\n\n\n\n<p class=\"p1\">On s\u2019attendait \u00e0 ce que les commandos isra\u00e9liens montent sur certains des 44 bateaux, la flottille \u00e9tant escort\u00e9e symboliquement par des navires italiens et espagnols.<\/p>\n\n\n\n<p class=\"p1\">Le ministre italien des Affaires \u00e9trang\u00e8res, Antonio Tajani, a d\u00e9clar\u00e9 \u00e0 la Rai : \u201cJ\u2019ai re\u00e7u l\u2019assurance qu\u2019il n\u2019y aura pas de violences. Notre ambassade et notre consulat assisteront les Italiens qui seront emmen\u00e9s \u00e0 Ashdod puis expuls\u00e9s\u201d.<\/p>\n\n\n\n<p class=\"p1\">En Italie, des manifestations ont \u00e9clat\u00e9 le soir m\u00eame et les syndicats ont appel\u00e9 \u00e0 une gr\u00e8ve g\u00e9n\u00e9rale vendredi. La CGIL a d\u00e9nonc\u00e9 \u201cune agression contre des navires civils transportant des citoyens italiens\u201d.<\/p>\n\n\n\n<p class=\"p1\">La Turquie a accus\u00e9 Isra\u00ebl de commettre un \u201cacte de terrorisme\u201d.<\/p>\n\n\n\n<p class=\"p1\">Une vid\u00e9o publi\u00e9e sur Instagram montrait l\u2019ombre d\u2019un navire militaire isra\u00e9lien pr\u00e8s des bateaux civils. \u201cJe crains que ce soit ma derni\u00e8re lettre depuis la Flottille Globale Sumud\u201d, \u00e9crivait l\u2019activiste juif David Adler sur X.<\/p>\n\n\n\n<p class=\"p1\">\u00c0 Gaza, les bombardements continuaient : plus de 24 morts en une nuit. Le Comit\u00e9 international de la Croix-Rouge a suspendu ses activit\u00e9s et relocalis\u00e9 son personnel.<\/p>\n\n\n\n<p><\/p>\n\n\n\n<p>\u2712\ufe0f Il Contraddittore \u2013 raccontare l\u2019Italia (e il mondo) delle regole infrante \u271d\ufe0f<\/p>\n\n\n\n<p><\/p>\n\n\n<hr style=\"border: none; height: 1px; background-color: #e0e0e0; max-width: 80%; margin: 2em auto;\" \/>\n<p>Tu veux dire quelque chose ?<\/p>\n<p>\ud83d\udcec Envoyez votre texte \u00e0 email@soapboxorators.org ou t\u00e9l\u00e9chargez-le dans la Speakers Box : SoapBoxOrators.org.<\/p>\n<p>\ud83c\uddeb\ud83c\uddf7 FRAN\u00c7AIS<\/p>\n<form action=\"https:\/\/formspree.io\/f\/mjkrjzed\" method=\"POST\">\n  <label for=\"name\">Nom ou pseudonyme :<\/label><br \/>\n  <input type=\"text\" id=\"name\" name=\"name\" required><\/p>\n<p>  <label for=\"title\">Titre du discours ou \u00e9ditorial :<\/label><br \/>\n  <input type=\"text\" id=\"title\" name=\"title\" required><\/p>\n<p>  <label for=\"message\">Texte (max. 3 000 caract\u00e8res) :<\/label><br \/>\n  <textarea id=\"message\" name=\"message\" rows=\"10\" maxlength=\"3000\" required><\/textarea><\/p>\n<p>  <label><br \/>\n    <input type=\"checkbox\" name=\"consent\" required><br \/>\n    J&#8217;autorise la publication de ce texte sur SoapboxOrators.org<br \/>\n  <\/label><\/p>\n<p>  <button type=\"submit\">Envoyer<\/button><br \/>\n  <button type=\"reset\">Effacer<\/button><br \/>\n<\/form>\n<p>\n\n\n<\/p>\n<p>\n\n\n<\/p>\n<p>\n\n\n<\/p>\n<p>\n\n\n<\/p>\n<p><small>\u00a9 2025 ElCanillita.info \/ SoapBoxOrators.org \u2013 All Rights Reserved \u2013 SalaStampa.eu, world press service &#8211; Guzzo Photos &#038; Graphic Publications \u2013 Registro Editori e Stampatori n. 1441 Turin, Italy <\/small><\/p>\n<p>\n\n\n<\/p>\n<p>\n\n\n<\/p>","protected":false},"excerpt":{"rendered":"<p>\ud83d\udea8 Flottille Sumud intercept\u00e9e avec Greta.<br \/>\nIsra\u00ebl: \u201cblocus l\u00e9gal.\u201d<br \/>\nActivistes: \u201cpiraterie ill\u00e9gale en mer.\u201d<br \/>\nItalie &#038; Espagne: escorte symbolique.<br \/>\nTurquie: \u201cacte de terrorisme.\u201d<br \/>\nGaza reste sous les bombes.<\/p>\n","protected":false},"author":4,"featured_media":348,"comment_status":"closed","ping_status":"","sticky":false,"template":"","format":"standard","meta":{"footnotes":"","_links_to":"","_links_to_target":""},"categories":[23,20],"tags":[46],"class_list":["post-346","post","type-post","status-publish","format-standard","has-post-thumbnail","hentry","category-caisse-a-savon-soapbox","category-edito-du-jour","tag-gaza","entry","double"],"yoast_head":"<!-- This site is optimized with the Yoast SEO plugin v27.3 - https:\/\/yoast.com\/product\/yoast-seo-wordpress\/ -->\n<title>\ud83c\uddeb\ud83c\uddf7 Flottille d\u2019aide \u00e0 Gaza de Thunberg - SoapBoxOrators.org<\/title>\n<meta name=\"robots\" content=\"noindex, follow, max-snippet:-1, max-image-preview:large, max-video-preview:-1\" \/>\n<meta property=\"og:locale\" content=\"es_ES\" \/>\n<meta property=\"og:type\" content=\"article\" \/>\n<meta property=\"og:title\" content=\"\ud83c\uddeb\ud83c\uddf7 Flottille d\u2019aide \u00e0 Gaza de Thunberg - SoapBoxOrators.org\" \/>\n<meta property=\"og:description\" content=\"\ud83d\udea8 Flottille Sumud intercept\u00e9e avec Greta. Isra\u00ebl: \u201cblocus l\u00e9gal.\u201d Activistes: \u201cpiraterie ill\u00e9gale en mer.\u201d Italie &amp; Espagne: escorte symbolique. Turquie: \u201cacte de terrorisme.\u201d Gaza reste sous les bombes.\" \/>\n<meta property=\"og:url\" content=\"https:\/\/soapboxorators.org\/news\/2025\/10\/02\/flottille-daide-a-gaza-de-thunberg\/\" \/>\n<meta property=\"og:site_name\" content=\"SoapBoxOrators.org\" \/>\n<meta property=\"article:published_time\" content=\"2025-10-02T09:06:27+00:00\" \/>\n<meta property=\"article:modified_time\" content=\"2025-10-02T09:18:58+00:00\" \/>\n<meta property=\"og:image\" content=\"https:\/\/soapboxorators.org\/news\/wp-content\/uploads\/2025\/10\/bbded664-943d-4c24-8024-8478d805732a-1-1.jpg\" \/>\n\t<meta property=\"og:image:width\" content=\"1024\" \/>\n\t<meta property=\"og:image:height\" content=\"1024\" \/>\n\t<meta property=\"og:image:type\" content=\"image\/jpeg\" \/>\n<meta name=\"author\" content=\"The Tailor of Words\" \/>\n<meta name=\"twitter:card\" content=\"summary_large_image\" \/>\n<meta name=\"twitter:label1\" content=\"Escrito por\" \/>\n\t<meta name=\"twitter:data1\" content=\"The Tailor of Words\" \/>\n\t<meta name=\"twitter:label2\" content=\"Tiempo de lectura\" \/>\n\t<meta name=\"twitter:data2\" content=\"3 minutos\" \/>\n<script type=\"application\/ld+json\" class=\"yoast-schema-graph\">{\"@context\":\"https:\\\/\\\/schema.org\",\"@graph\":[{\"@type\":\"Article\",\"@id\":\"https:\\\/\\\/soapboxorators.org\\\/news\\\/2025\\\/10\\\/02\\\/flottille-daide-a-gaza-de-thunberg\\\/#article\",\"isPartOf\":{\"@id\":\"https:\\\/\\\/soapboxorators.org\\\/news\\\/2025\\\/10\\\/02\\\/flottille-daide-a-gaza-de-thunberg\\\/\"},\"author\":{\"name\":\"The Tailor of Words\",\"@id\":\"https:\\\/\\\/soapboxorators.org\\\/news\\\/#\\\/schema\\\/person\\\/dd18d90f0832c0321ab186330369af0b\"},\"headline\":\"\ud83c\uddeb\ud83c\uddf7 Flottille d\u2019aide \u00e0 Gaza de Thunberg\",\"datePublished\":\"2025-10-02T09:06:27+00:00\",\"dateModified\":\"2025-10-02T09:18:58+00:00\",\"mainEntityOfPage\":{\"@id\":\"https:\\\/\\\/soapboxorators.org\\\/news\\\/2025\\\/10\\\/02\\\/flottille-daide-a-gaza-de-thunberg\\\/\"},\"wordCount\":519,\"publisher\":{\"@id\":\"https:\\\/\\\/soapboxorators.org\\\/news\\\/#organization\"},\"image\":{\"@id\":\"https:\\\/\\\/soapboxorators.org\\\/news\\\/2025\\\/10\\\/02\\\/flottille-daide-a-gaza-de-thunberg\\\/#primaryimage\"},\"thumbnailUrl\":\"https:\\\/\\\/soapboxorators.org\\\/news\\\/wp-content\\\/uploads\\\/2025\\\/10\\\/bbded664-943d-4c24-8024-8478d805732a-1-1.jpg\",\"keywords\":[\"Gaza\"],\"articleSection\":[\"Caisse \u00e0 Savon \\\/ Soapbox\",\"\u00c9dito du Jour\"],\"inLanguage\":\"es-AR\"},{\"@type\":\"WebPage\",\"@id\":\"https:\\\/\\\/soapboxorators.org\\\/news\\\/2025\\\/10\\\/02\\\/flottille-daide-a-gaza-de-thunberg\\\/\",\"url\":\"https:\\\/\\\/soapboxorators.org\\\/news\\\/2025\\\/10\\\/02\\\/flottille-daide-a-gaza-de-thunberg\\\/\",\"name\":\"\ud83c\uddeb\ud83c\uddf7 Flottille d\u2019aide \u00e0 Gaza de Thunberg - SoapBoxOrators.org\",\"isPartOf\":{\"@id\":\"https:\\\/\\\/soapboxorators.org\\\/news\\\/#website\"},\"primaryImageOfPage\":{\"@id\":\"https:\\\/\\\/soapboxorators.org\\\/news\\\/2025\\\/10\\\/02\\\/flottille-daide-a-gaza-de-thunberg\\\/#primaryimage\"},\"image\":{\"@id\":\"https:\\\/\\\/soapboxorators.org\\\/news\\\/2025\\\/10\\\/02\\\/flottille-daide-a-gaza-de-thunberg\\\/#primaryimage\"},\"thumbnailUrl\":\"https:\\\/\\\/soapboxorators.org\\\/news\\\/wp-content\\\/uploads\\\/2025\\\/10\\\/bbded664-943d-4c24-8024-8478d805732a-1-1.jpg\",\"datePublished\":\"2025-10-02T09:06:27+00:00\",\"dateModified\":\"2025-10-02T09:18:58+00:00\",\"breadcrumb\":{\"@id\":\"https:\\\/\\\/soapboxorators.org\\\/news\\\/2025\\\/10\\\/02\\\/flottille-daide-a-gaza-de-thunberg\\\/#breadcrumb\"},\"inLanguage\":\"es-AR\",\"potentialAction\":[{\"@type\":\"ReadAction\",\"target\":[\"https:\\\/\\\/soapboxorators.org\\\/news\\\/2025\\\/10\\\/02\\\/flottille-daide-a-gaza-de-thunberg\\\/\"]}]},{\"@type\":\"ImageObject\",\"inLanguage\":\"es-AR\",\"@id\":\"https:\\\/\\\/soapboxorators.org\\\/news\\\/2025\\\/10\\\/02\\\/flottille-daide-a-gaza-de-thunberg\\\/#primaryimage\",\"url\":\"https:\\\/\\\/soapboxorators.org\\\/news\\\/wp-content\\\/uploads\\\/2025\\\/10\\\/bbded664-943d-4c24-8024-8478d805732a-1-1.jpg\",\"contentUrl\":\"https:\\\/\\\/soapboxorators.org\\\/news\\\/wp-content\\\/uploads\\\/2025\\\/10\\\/bbded664-943d-4c24-8024-8478d805732a-1-1.jpg\",\"width\":1024,\"height\":1024},{\"@type\":\"BreadcrumbList\",\"@id\":\"https:\\\/\\\/soapboxorators.org\\\/news\\\/2025\\\/10\\\/02\\\/flottille-daide-a-gaza-de-thunberg\\\/#breadcrumb\",\"itemListElement\":[{\"@type\":\"ListItem\",\"position\":1,\"name\":\"Inicio\",\"item\":\"https:\\\/\\\/soapboxorators.org\\\/news\\\/\"},{\"@type\":\"ListItem\",\"position\":2,\"name\":\"\ud83c\uddeb\ud83c\uddf7 Flottille d\u2019aide \u00e0 Gaza de Thunberg\"}]},{\"@type\":\"WebSite\",\"@id\":\"https:\\\/\\\/soapboxorators.org\\\/news\\\/#website\",\"url\":\"https:\\\/\\\/soapboxorators.org\\\/news\\\/\",\"name\":\"SoapBoxOrators.org\",\"description\":\"Plataforma de Oradores - Piattaforma di Oratori-  \u6f14\u8bb2\u8005\u5e73\u53f0 - \u0645\u0646\u0635\u0629 \u0627\u0644\u0645\u062a\u062d\u062f\u062b\u064a\u0646 - \u09ac\u0995\u09cd\u09a4\u09be\u09a6\u09c7\u09b0 \u09aa\u09cd\u09b2\u09cd\u09af\u09be\u099f\u09ab\u09b0\u09cd\u09ae\",\"publisher\":{\"@id\":\"https:\\\/\\\/soapboxorators.org\\\/news\\\/#organization\"},\"potentialAction\":[{\"@type\":\"SearchAction\",\"target\":{\"@type\":\"EntryPoint\",\"urlTemplate\":\"https:\\\/\\\/soapboxorators.org\\\/news\\\/?s={search_term_string}\"},\"query-input\":{\"@type\":\"PropertyValueSpecification\",\"valueRequired\":true,\"valueName\":\"search_term_string\"}}],\"inLanguage\":\"es-AR\"},{\"@type\":\"Organization\",\"@id\":\"https:\\\/\\\/soapboxorators.org\\\/news\\\/#organization\",\"name\":\"Guzzo Photos & Graphic Publications\",\"url\":\"https:\\\/\\\/soapboxorators.org\\\/news\\\/\",\"logo\":{\"@type\":\"ImageObject\",\"inLanguage\":\"es-AR\",\"@id\":\"https:\\\/\\\/soapboxorators.org\\\/news\\\/#\\\/schema\\\/logo\\\/image\\\/\",\"url\":\"https:\\\/\\\/soapboxorators.org\\\/news\\\/wp-content\\\/uploads\\\/2025\\\/08\\\/soapboxorators_520.png\",\"contentUrl\":\"https:\\\/\\\/soapboxorators.org\\\/news\\\/wp-content\\\/uploads\\\/2025\\\/08\\\/soapboxorators_520.png\",\"width\":520,\"height\":50,\"caption\":\"Guzzo Photos & Graphic Publications\"},\"image\":{\"@id\":\"https:\\\/\\\/soapboxorators.org\\\/news\\\/#\\\/schema\\\/logo\\\/image\\\/\"}},{\"@type\":\"Person\",\"@id\":\"https:\\\/\\\/soapboxorators.org\\\/news\\\/#\\\/schema\\\/person\\\/dd18d90f0832c0321ab186330369af0b\",\"name\":\"The Tailor of Words\",\"sameAs\":[\"http:\\\/\\\/soapboxorators.org\"],\"url\":\"https:\\\/\\\/soapboxorators.org\\\/news\\\/author\\\/the-tailor-of-words\\\/\"}]}<\/script>\n<!-- \/ Yoast SEO plugin. -->","yoast_head_json":{"title":"\ud83c\uddeb\ud83c\uddf7 Flottille d\u2019aide \u00e0 Gaza de Thunberg - SoapBoxOrators.org","robots":{"index":"noindex","follow":"follow","max-snippet":"max-snippet:-1","max-image-preview":"max-image-preview:large","max-video-preview":"max-video-preview:-1"},"og_locale":"es_ES","og_type":"article","og_title":"\ud83c\uddeb\ud83c\uddf7 Flottille d\u2019aide \u00e0 Gaza de Thunberg - SoapBoxOrators.org","og_description":"\ud83d\udea8 Flottille Sumud intercept\u00e9e avec Greta. Isra\u00ebl: \u201cblocus l\u00e9gal.\u201d Activistes: \u201cpiraterie ill\u00e9gale en mer.\u201d Italie & Espagne: escorte symbolique. Turquie: \u201cacte de terrorisme.\u201d Gaza reste sous les bombes.","og_url":"https:\/\/soapboxorators.org\/news\/2025\/10\/02\/flottille-daide-a-gaza-de-thunberg\/","og_site_name":"SoapBoxOrators.org","article_published_time":"2025-10-02T09:06:27+00:00","article_modified_time":"2025-10-02T09:18:58+00:00","og_image":[{"width":1024,"height":1024,"url":"https:\/\/soapboxorators.org\/news\/wp-content\/uploads\/2025\/10\/bbded664-943d-4c24-8024-8478d805732a-1-1.jpg","type":"image\/jpeg"}],"author":"The Tailor of Words","twitter_card":"summary_large_image","twitter_misc":{"Escrito por":"The Tailor of Words","Tiempo de lectura":"3 minutos"},"schema":{"@context":"https:\/\/schema.org","@graph":[{"@type":"Article","@id":"https:\/\/soapboxorators.org\/news\/2025\/10\/02\/flottille-daide-a-gaza-de-thunberg\/#article","isPartOf":{"@id":"https:\/\/soapboxorators.org\/news\/2025\/10\/02\/flottille-daide-a-gaza-de-thunberg\/"},"author":{"name":"The Tailor of Words","@id":"https:\/\/soapboxorators.org\/news\/#\/schema\/person\/dd18d90f0832c0321ab186330369af0b"},"headline":"\ud83c\uddeb\ud83c\uddf7 Flottille d\u2019aide \u00e0 Gaza de Thunberg","datePublished":"2025-10-02T09:06:27+00:00","dateModified":"2025-10-02T09:18:58+00:00","mainEntityOfPage":{"@id":"https:\/\/soapboxorators.org\/news\/2025\/10\/02\/flottille-daide-a-gaza-de-thunberg\/"},"wordCount":519,"publisher":{"@id":"https:\/\/soapboxorators.org\/news\/#organization"},"image":{"@id":"https:\/\/soapboxorators.org\/news\/2025\/10\/02\/flottille-daide-a-gaza-de-thunberg\/#primaryimage"},"thumbnailUrl":"https:\/\/soapboxorators.org\/news\/wp-content\/uploads\/2025\/10\/bbded664-943d-4c24-8024-8478d805732a-1-1.jpg","keywords":["Gaza"],"articleSection":["Caisse \u00e0 Savon \/ Soapbox","\u00c9dito du Jour"],"inLanguage":"es-AR"},{"@type":"WebPage","@id":"https:\/\/soapboxorators.org\/news\/2025\/10\/02\/flottille-daide-a-gaza-de-thunberg\/","url":"https:\/\/soapboxorators.org\/news\/2025\/10\/02\/flottille-daide-a-gaza-de-thunberg\/","name":"\ud83c\uddeb\ud83c\uddf7 Flottille d\u2019aide \u00e0 Gaza de Thunberg - SoapBoxOrators.org","isPartOf":{"@id":"https:\/\/soapboxorators.org\/news\/#website"},"primaryImageOfPage":{"@id":"https:\/\/soapboxorators.org\/news\/2025\/10\/02\/flottille-daide-a-gaza-de-thunberg\/#primaryimage"},"image":{"@id":"https:\/\/soapboxorators.org\/news\/2025\/10\/02\/flottille-daide-a-gaza-de-thunberg\/#primaryimage"},"thumbnailUrl":"https:\/\/soapboxorators.org\/news\/wp-content\/uploads\/2025\/10\/bbded664-943d-4c24-8024-8478d805732a-1-1.jpg","datePublished":"2025-10-02T09:06:27+00:00","dateModified":"2025-10-02T09:18:58+00:00","breadcrumb":{"@id":"https:\/\/soapboxorators.org\/news\/2025\/10\/02\/flottille-daide-a-gaza-de-thunberg\/#breadcrumb"},"inLanguage":"es-AR","potentialAction":[{"@type":"ReadAction","target":["https:\/\/soapboxorators.org\/news\/2025\/10\/02\/flottille-daide-a-gaza-de-thunberg\/"]}]},{"@type":"ImageObject","inLanguage":"es-AR","@id":"https:\/\/soapboxorators.org\/news\/2025\/10\/02\/flottille-daide-a-gaza-de-thunberg\/#primaryimage","url":"https:\/\/soapboxorators.org\/news\/wp-content\/uploads\/2025\/10\/bbded664-943d-4c24-8024-8478d805732a-1-1.jpg","contentUrl":"https:\/\/soapboxorators.org\/news\/wp-content\/uploads\/2025\/10\/bbded664-943d-4c24-8024-8478d805732a-1-1.jpg","width":1024,"height":1024},{"@type":"BreadcrumbList","@id":"https:\/\/soapboxorators.org\/news\/2025\/10\/02\/flottille-daide-a-gaza-de-thunberg\/#breadcrumb","itemListElement":[{"@type":"ListItem","position":1,"name":"Inicio","item":"https:\/\/soapboxorators.org\/news\/"},{"@type":"ListItem","position":2,"name":"\ud83c\uddeb\ud83c\uddf7 Flottille d\u2019aide \u00e0 Gaza de Thunberg"}]},{"@type":"WebSite","@id":"https:\/\/soapboxorators.org\/news\/#website","url":"https:\/\/soapboxorators.org\/news\/","name":"SoapBoxOrators.org","description":"Plataforma de Oradores - Piattaforma di Oratori-  \u6f14\u8bb2\u8005\u5e73\u53f0 - \u0645\u0646\u0635\u0629 \u0627\u0644\u0645\u062a\u062d\u062f\u062b\u064a\u0646 - \u09ac\u0995\u09cd\u09a4\u09be\u09a6\u09c7\u09b0 \u09aa\u09cd\u09b2\u09cd\u09af\u09be\u099f\u09ab\u09b0\u09cd\u09ae","publisher":{"@id":"https:\/\/soapboxorators.org\/news\/#organization"},"potentialAction":[{"@type":"SearchAction","target":{"@type":"EntryPoint","urlTemplate":"https:\/\/soapboxorators.org\/news\/?s={search_term_string}"},"query-input":{"@type":"PropertyValueSpecification","valueRequired":true,"valueName":"search_term_string"}}],"inLanguage":"es-AR"},{"@type":"Organization","@id":"https:\/\/soapboxorators.org\/news\/#organization","name":"Guzzo Photos & Graphic Publications","url":"https:\/\/soapboxorators.org\/news\/","logo":{"@type":"ImageObject","inLanguage":"es-AR","@id":"https:\/\/soapboxorators.org\/news\/#\/schema\/logo\/image\/","url":"https:\/\/soapboxorators.org\/news\/wp-content\/uploads\/2025\/08\/soapboxorators_520.png","contentUrl":"https:\/\/soapboxorators.org\/news\/wp-content\/uploads\/2025\/08\/soapboxorators_520.png","width":520,"height":50,"caption":"Guzzo Photos & Graphic Publications"},"image":{"@id":"https:\/\/soapboxorators.org\/news\/#\/schema\/logo\/image\/"}},{"@type":"Person","@id":"https:\/\/soapboxorators.org\/news\/#\/schema\/person\/dd18d90f0832c0321ab186330369af0b","name":"The Tailor of Words","sameAs":["http:\/\/soapboxorators.org"],"url":"https:\/\/soapboxorators.org\/news\/author\/the-tailor-of-words\/"}]}},"views":177,"_links":{"self":[{"href":"https:\/\/soapboxorators.org\/news\/wp-json\/wp\/v2\/posts\/346","targetHints":{"allow":["GET"]}}],"collection":[{"href":"https:\/\/soapboxorators.org\/news\/wp-json\/wp\/v2\/posts"}],"about":[{"href":"https:\/\/soapboxorators.org\/news\/wp-json\/wp\/v2\/types\/post"}],"author":[{"embeddable":true,"href":"https:\/\/soapboxorators.org\/news\/wp-json\/wp\/v2\/users\/4"}],"replies":[{"embeddable":true,"href":"https:\/\/soapboxorators.org\/news\/wp-json\/wp\/v2\/comments?post=346"}],"version-history":[{"count":0,"href":"https:\/\/soapboxorators.org\/news\/wp-json\/wp\/v2\/posts\/346\/revisions"}],"wp:featuredmedia":[{"embeddable":true,"href":"https:\/\/soapboxorators.org\/news\/wp-json\/wp\/v2\/media\/348"}],"wp:attachment":[{"href":"https:\/\/soapboxorators.org\/news\/wp-json\/wp\/v2\/media?parent=346"}],"wp:term":[{"taxonomy":"category","embeddable":true,"href":"https:\/\/soapboxorators.org\/news\/wp-json\/wp\/v2\/categories?post=346"},{"taxonomy":"post_tag","embeddable":true,"href":"https:\/\/soapboxorators.org\/news\/wp-json\/wp\/v2\/tags?post=346"}],"curies":[{"name":"wp","href":"https:\/\/api.w.org\/{rel}","templated":true}]}}