{"id":339,"date":"2025-10-01T19:03:20","date_gmt":"2025-10-01T22:03:20","guid":{"rendered":"https:\/\/soapboxorators.org\/news\/?p=339"},"modified":"2025-10-02T06:21:14","modified_gmt":"2025-10-02T09:21:14","slug":"flotilla-sumud-interceptada-con-greta-a-bordo","status":"publish","type":"post","link":"https:\/\/soapboxorators.org\/news\/2025\/10\/01\/flotilla-sumud-interceptada-con-greta-a-bordo\/","title":{"rendered":"\ud83d\uddde\ufe0f Flotilla Sumud: interceptada con Greta a bordo"},"content":{"rendered":"\n<figure class=\"wp-block-image size-large\"><img loading=\"lazy\" decoding=\"async\" width=\"1024\" height=\"1024\" src=\"https:\/\/soapboxorators.org\/news\/wp-content\/uploads\/2025\/10\/bbded664-943d-4c24-8024-8478d805732a.jpg\" alt=\"\" class=\"wp-image-340\" srcset=\"https:\/\/soapboxorators.org\/news\/wp-content\/uploads\/2025\/10\/bbded664-943d-4c24-8024-8478d805732a.jpg 1024w, https:\/\/soapboxorators.org\/news\/wp-content\/uploads\/2025\/10\/bbded664-943d-4c24-8024-8478d805732a-300x300.jpg 300w, https:\/\/soapboxorators.org\/news\/wp-content\/uploads\/2025\/10\/bbded664-943d-4c24-8024-8478d805732a-150x150.jpg 150w, https:\/\/soapboxorators.org\/news\/wp-content\/uploads\/2025\/10\/bbded664-943d-4c24-8024-8478d805732a-768x768.jpg 768w\" sizes=\"auto, (max-width: 1024px) 100vw, 1024px\" \/><\/figure>\n\n\n\n<p class=\"p1\">\u201cNi h\u00e9roes ni piratas, solo rehenes de la absurdidad\u201d<\/p>\n\n\n\n<p class=\"p3\">La pel\u00edcula de mar y fuego que todos tem\u00edan termin\u00f3 esta noche en un acto tan previsible como ins\u00f3lito: la Flotilla Global Sumud rumbo a Gaza, con Greta Thunberg como estandarte humano, fue interceptada por la armada israel\u00ed bajo el argumento de \u201cviolaci\u00f3n de un bloqueo naval legal\u201d.<\/p>\n\n\n\n<p class=\"p3\">El Ministerio de Exteriores en Tel Aviv confirm\u00f3 que los buques fueron desviados a Ashdod y que los pasajeros, \u201cGreta y sus amigos\u201d, est\u00e1n ilesos. En paralelo, activistas denuncian \u201casalto ilegal en aguas internacionales\u201d, c\u00e1maras desconectadas y comunicaciones silenciadas. El d\u00e9j\u00e0 vu con la Freedom Flotilla de 2010 es inevitable.<\/p>\n\n\n\n<p class=\"p1\">\ud83c\udf0d El mar como teatro del absurdo<\/p>\n\n\n\n<p class=\"p1\">Israel: asegura que todo es para canalizar la ayuda \u201cpor v\u00edas seguras\u201d. Activistas: responden que los rodearon 20 barcos no identificados, declararon emergencia y ahora son \u201crehenes en vivo\u201d de un abordaje. Italia y Espa\u00f1a: escoltaron sin escoltar, navegando entre el Mediterr\u00e1neo y el rid\u00edculo. Tajani (Italia): pidi\u00f3 \u201cno violencia\u201d y asistencia consular, mientras los sindicatos ya convocaron una huelga general contra lo que llaman \u201cagresi\u00f3n a ciudadanos italianos\u201d. Turqu\u00eda: elev\u00f3 el tono calificando la operaci\u00f3n como \u201cacto de terrorismo\u201d.<\/p>\n\n\n\n<p class=\"p1\">\ud83d\udcf8 Im\u00e1genes que hablan solas<\/p>\n\n\n\n<p class=\"p3\">En Instagram circul\u00f3 la sombra de un buque israel\u00ed haciendo \u201cmaniobras peligrosas\u201d. En X, un activista jud\u00edo escribi\u00f3: \u201cMe temo que esta ser\u00e1 mi \u00faltima carta desde la Flotilla Sumud\u201d.<\/p>\n\n\n\n<p class=\"p3\">Mientras tanto, en Gaza, los hospitales sumaban cad\u00e1veres de otra noche de bombardeos y la Cruz Roja suspend\u00eda operaciones por \u201chostilidades incontrolables\u201d.<\/p>\n\n\n\n<p class=\"p1\">\ud83c\udfad El Mediterr\u00e1neo como escenario<\/p>\n\n\n\n<p class=\"p3\">Lo que deb\u00eda ser un gesto humanitario termin\u00f3 en una tragicomedia global:<\/p>\n\n\n\n<p class=\"p1\">Greta convertida en icono mar\u00edtimo. Gobiernos europeos atrapados en su doble discurso. Israel reafirmando su \u201cbloqueo legal\u201d como si fuera derecho divino.<\/p>\n\n\n\n<p class=\"p3\">La Flotilla Global Sumud no lleg\u00f3 a Gaza, pero s\u00ed logr\u00f3 su cometido: desnudar una vez m\u00e1s la absurda coreograf\u00eda internacional, donde cada parte grita \u201cseguridad\u201d o \u201cterrorismo\u201d seg\u00fan le convenga.<\/p>\n\n\n\n<p class=\"p3\">\u2712\ufe0f Il Contraddittore \u2013 raccontare l\u2019Italia (e il mondo) delle regole infrante \u271d\ufe0f<\/p>\n\n\n\n<p><\/p>\n\n\n<hr style=\"\n    border: none;\n    height: 1px;\n    background: linear-gradient(to right, transparent, #ccc, transparent);\n    margin: 0;\n\" \/><\/p>\n<p><strong>\u00bfQuieres decir algo?<\/strong><\/p>\n<p>\ud83d\udcec Env\u00eda tu texto a : email@soapboxorators.org o s\u00fabelo a la Speakers&#8217; Box: SoapBoxOrators.org.<\/p>\n<p><!-- \/wp:post-content --><\/p>\n<form action=\"https:\/\/formspree.io\/f\/mjkrjzed\" method=\"POST\">\n  <label for=\"name\">Nombre o seud\u00f3nimo:<\/label><br \/>\n  <input type=\"text\" id=\"name\" name=\"name\" required><\/p>\n<p>  <label for=\"title\">T\u00edtulo del discurso\/editorial:<\/label><br \/>\n  <input type=\"text\" id=\"title\" name=\"title\" required><\/p>\n<p>  <label for=\"message\">Texto (m\u00e1x. 3.000 caracteres):<\/label><br \/>\n  <textarea id=\"message\" name=\"message\" rows=\"10\" maxlength=\"3000\" required><\/textarea><\/p>\n<p>  <label><br \/>\n    <input type=\"checkbox\" name=\"consent\" required><br \/>\n    Autorizo la publicaci\u00f3n de este texto en SoapboxOrators.org<br \/>\n  <\/label><\/p>\n<p>  <button type=\"submit\">Enviar<\/button><br \/>\n  <button type=\"reset\">Borrar formulario<\/button><\/p>\n<\/form>\n<p><!-- wp:paragraph --><\/p>\n<p><!-- \/wp:paragraph --><\/p>\n<p><!-- wp:paragraph --><\/p>\n<p><!-- \/wp:paragraph --><\/p>\n<p><small>\u00a9\ufe0f2025  Guzzo Photos  &#038; Graphic Publications \u2013 All Rights Reserved \u2013 Copyright \u00a9\ufe0f 2025 ElCanillita.info \/ SoapBoxOrators.org \/SalaStampa.eu, world press service \u2013 Guzzo Photos &#038; Graphic Publications \u2013 Registro Editori e Stampatori n. 1441 Turin, Italy<\/small><\/p>\n<p><!-- wp:paragraph --><\/p>\n<p><!-- \/wp:paragraph --><\/p>","protected":false},"excerpt":{"rendered":"<p>\ud83d\udea8 Interceptada la Flotilla Global Sumud con Greta a bordo.<br \/>\nIsrael habla de \u201cbloqueo legal\u201d.<br \/>\nActivistas denuncian secuestro en aguas internacionales.<br \/>\nItalia y Espa\u00f1a, flanqueo simb\u00f3lico.<br \/>\nTurqu\u00eda: \u201cacto de terrorismo\u201d.<br \/>\nGaza sigue bajo fuego.<\/p>\n","protected":false},"author":4,"featured_media":341,"comment_status":"closed","ping_status":"","sticky":false,"template":"","format":"standard","meta":{"footnotes":"","_links_to":"","_links_to_target":""},"categories":[6,9],"tags":[],"class_list":["post-339","post","type-post","status-publish","format-standard","has-post-thumbnail","hentry","category-actualidad-editorial","category-oradores-de-plataforma-soapbox","entry","double"],"yoast_head":"<!-- This site is optimized with the Yoast SEO plugin v27.3 - https:\/\/yoast.com\/product\/yoast-seo-wordpress\/ -->\n<title>\ud83d\uddde\ufe0f Flotilla Sumud: interceptada con Greta a bordo - SoapBoxOrators.org<\/title>\n<meta name=\"robots\" content=\"noindex, follow, max-snippet:-1, max-image-preview:large, max-video-preview:-1\" \/>\n<meta property=\"og:locale\" content=\"es_ES\" \/>\n<meta property=\"og:type\" content=\"article\" \/>\n<meta property=\"og:title\" content=\"\ud83d\uddde\ufe0f Flotilla Sumud: interceptada con Greta a bordo - SoapBoxOrators.org\" \/>\n<meta property=\"og:description\" content=\"\ud83d\udea8 Interceptada la Flotilla Global Sumud con Greta a bordo. Israel habla de \u201cbloqueo legal\u201d. Activistas denuncian secuestro en aguas internacionales. Italia y Espa\u00f1a, flanqueo simb\u00f3lico. Turqu\u00eda: \u201cacto de terrorismo\u201d. Gaza sigue bajo fuego.\" \/>\n<meta property=\"og:url\" content=\"https:\/\/soapboxorators.org\/news\/2025\/10\/01\/flotilla-sumud-interceptada-con-greta-a-bordo\/\" \/>\n<meta property=\"og:site_name\" content=\"SoapBoxOrators.org\" \/>\n<meta property=\"article:published_time\" content=\"2025-10-01T22:03:20+00:00\" \/>\n<meta property=\"article:modified_time\" content=\"2025-10-02T09:21:14+00:00\" \/>\n<meta property=\"og:image\" content=\"https:\/\/soapboxorators.org\/news\/wp-content\/uploads\/2025\/10\/bbded664-943d-4c24-8024-8478d805732a-1.jpg\" \/>\n\t<meta property=\"og:image:width\" content=\"1024\" \/>\n\t<meta property=\"og:image:height\" content=\"1024\" \/>\n\t<meta property=\"og:image:type\" content=\"image\/jpeg\" \/>\n<meta name=\"author\" content=\"The Tailor of Words\" \/>\n<meta name=\"twitter:card\" content=\"summary_large_image\" \/>\n<meta name=\"twitter:label1\" content=\"Escrito por\" \/>\n\t<meta name=\"twitter:data1\" content=\"The Tailor of Words\" \/>\n\t<meta name=\"twitter:label2\" content=\"Tiempo de lectura\" \/>\n\t<meta name=\"twitter:data2\" content=\"2 minutos\" \/>\n<script type=\"application\/ld+json\" class=\"yoast-schema-graph\">{\"@context\":\"https:\\\/\\\/schema.org\",\"@graph\":[{\"@type\":\"Article\",\"@id\":\"https:\\\/\\\/soapboxorators.org\\\/news\\\/2025\\\/10\\\/01\\\/flotilla-sumud-interceptada-con-greta-a-bordo\\\/#article\",\"isPartOf\":{\"@id\":\"https:\\\/\\\/soapboxorators.org\\\/news\\\/2025\\\/10\\\/01\\\/flotilla-sumud-interceptada-con-greta-a-bordo\\\/\"},\"author\":{\"name\":\"The Tailor of Words\",\"@id\":\"https:\\\/\\\/soapboxorators.org\\\/news\\\/#\\\/schema\\\/person\\\/dd18d90f0832c0321ab186330369af0b\"},\"headline\":\"\ud83d\uddde\ufe0f Flotilla Sumud: interceptada con Greta a bordo\",\"datePublished\":\"2025-10-01T22:03:20+00:00\",\"dateModified\":\"2025-10-02T09:21:14+00:00\",\"mainEntityOfPage\":{\"@id\":\"https:\\\/\\\/soapboxorators.org\\\/news\\\/2025\\\/10\\\/01\\\/flotilla-sumud-interceptada-con-greta-a-bordo\\\/\"},\"wordCount\":433,\"publisher\":{\"@id\":\"https:\\\/\\\/soapboxorators.org\\\/news\\\/#organization\"},\"image\":{\"@id\":\"https:\\\/\\\/soapboxorators.org\\\/news\\\/2025\\\/10\\\/01\\\/flotilla-sumud-interceptada-con-greta-a-bordo\\\/#primaryimage\"},\"thumbnailUrl\":\"https:\\\/\\\/soapboxorators.org\\\/news\\\/wp-content\\\/uploads\\\/2025\\\/10\\\/bbded664-943d-4c24-8024-8478d805732a-1.jpg\",\"articleSection\":[\"Actualidad Editorial\",\"Oradores de Plataforma \\\/ SoapBox\"],\"inLanguage\":\"es-AR\"},{\"@type\":\"WebPage\",\"@id\":\"https:\\\/\\\/soapboxorators.org\\\/news\\\/2025\\\/10\\\/01\\\/flotilla-sumud-interceptada-con-greta-a-bordo\\\/\",\"url\":\"https:\\\/\\\/soapboxorators.org\\\/news\\\/2025\\\/10\\\/01\\\/flotilla-sumud-interceptada-con-greta-a-bordo\\\/\",\"name\":\"\ud83d\uddde\ufe0f Flotilla Sumud: interceptada con Greta a bordo - SoapBoxOrators.org\",\"isPartOf\":{\"@id\":\"https:\\\/\\\/soapboxorators.org\\\/news\\\/#website\"},\"primaryImageOfPage\":{\"@id\":\"https:\\\/\\\/soapboxorators.org\\\/news\\\/2025\\\/10\\\/01\\\/flotilla-sumud-interceptada-con-greta-a-bordo\\\/#primaryimage\"},\"image\":{\"@id\":\"https:\\\/\\\/soapboxorators.org\\\/news\\\/2025\\\/10\\\/01\\\/flotilla-sumud-interceptada-con-greta-a-bordo\\\/#primaryimage\"},\"thumbnailUrl\":\"https:\\\/\\\/soapboxorators.org\\\/news\\\/wp-content\\\/uploads\\\/2025\\\/10\\\/bbded664-943d-4c24-8024-8478d805732a-1.jpg\",\"datePublished\":\"2025-10-01T22:03:20+00:00\",\"dateModified\":\"2025-10-02T09:21:14+00:00\",\"breadcrumb\":{\"@id\":\"https:\\\/\\\/soapboxorators.org\\\/news\\\/2025\\\/10\\\/01\\\/flotilla-sumud-interceptada-con-greta-a-bordo\\\/#breadcrumb\"},\"inLanguage\":\"es-AR\",\"potentialAction\":[{\"@type\":\"ReadAction\",\"target\":[\"https:\\\/\\\/soapboxorators.org\\\/news\\\/2025\\\/10\\\/01\\\/flotilla-sumud-interceptada-con-greta-a-bordo\\\/\"]}]},{\"@type\":\"ImageObject\",\"inLanguage\":\"es-AR\",\"@id\":\"https:\\\/\\\/soapboxorators.org\\\/news\\\/2025\\\/10\\\/01\\\/flotilla-sumud-interceptada-con-greta-a-bordo\\\/#primaryimage\",\"url\":\"https:\\\/\\\/soapboxorators.org\\\/news\\\/wp-content\\\/uploads\\\/2025\\\/10\\\/bbded664-943d-4c24-8024-8478d805732a-1.jpg\",\"contentUrl\":\"https:\\\/\\\/soapboxorators.org\\\/news\\\/wp-content\\\/uploads\\\/2025\\\/10\\\/bbded664-943d-4c24-8024-8478d805732a-1.jpg\",\"width\":1024,\"height\":1024},{\"@type\":\"BreadcrumbList\",\"@id\":\"https:\\\/\\\/soapboxorators.org\\\/news\\\/2025\\\/10\\\/01\\\/flotilla-sumud-interceptada-con-greta-a-bordo\\\/#breadcrumb\",\"itemListElement\":[{\"@type\":\"ListItem\",\"position\":1,\"name\":\"Inicio\",\"item\":\"https:\\\/\\\/soapboxorators.org\\\/news\\\/\"},{\"@type\":\"ListItem\",\"position\":2,\"name\":\"\ud83d\uddde\ufe0f Flotilla Sumud: interceptada con Greta a bordo\"}]},{\"@type\":\"WebSite\",\"@id\":\"https:\\\/\\\/soapboxorators.org\\\/news\\\/#website\",\"url\":\"https:\\\/\\\/soapboxorators.org\\\/news\\\/\",\"name\":\"SoapBoxOrators.org\",\"description\":\"Plataforma de Oradores - Piattaforma di Oratori-  \u6f14\u8bb2\u8005\u5e73\u53f0 - \u0645\u0646\u0635\u0629 \u0627\u0644\u0645\u062a\u062d\u062f\u062b\u064a\u0646 - \u09ac\u0995\u09cd\u09a4\u09be\u09a6\u09c7\u09b0 \u09aa\u09cd\u09b2\u09cd\u09af\u09be\u099f\u09ab\u09b0\u09cd\u09ae\",\"publisher\":{\"@id\":\"https:\\\/\\\/soapboxorators.org\\\/news\\\/#organization\"},\"potentialAction\":[{\"@type\":\"SearchAction\",\"target\":{\"@type\":\"EntryPoint\",\"urlTemplate\":\"https:\\\/\\\/soapboxorators.org\\\/news\\\/?s={search_term_string}\"},\"query-input\":{\"@type\":\"PropertyValueSpecification\",\"valueRequired\":true,\"valueName\":\"search_term_string\"}}],\"inLanguage\":\"es-AR\"},{\"@type\":\"Organization\",\"@id\":\"https:\\\/\\\/soapboxorators.org\\\/news\\\/#organization\",\"name\":\"Guzzo Photos & Graphic Publications\",\"url\":\"https:\\\/\\\/soapboxorators.org\\\/news\\\/\",\"logo\":{\"@type\":\"ImageObject\",\"inLanguage\":\"es-AR\",\"@id\":\"https:\\\/\\\/soapboxorators.org\\\/news\\\/#\\\/schema\\\/logo\\\/image\\\/\",\"url\":\"https:\\\/\\\/soapboxorators.org\\\/news\\\/wp-content\\\/uploads\\\/2025\\\/08\\\/soapboxorators_520.png\",\"contentUrl\":\"https:\\\/\\\/soapboxorators.org\\\/news\\\/wp-content\\\/uploads\\\/2025\\\/08\\\/soapboxorators_520.png\",\"width\":520,\"height\":50,\"caption\":\"Guzzo Photos & Graphic Publications\"},\"image\":{\"@id\":\"https:\\\/\\\/soapboxorators.org\\\/news\\\/#\\\/schema\\\/logo\\\/image\\\/\"}},{\"@type\":\"Person\",\"@id\":\"https:\\\/\\\/soapboxorators.org\\\/news\\\/#\\\/schema\\\/person\\\/dd18d90f0832c0321ab186330369af0b\",\"name\":\"The Tailor of Words\",\"sameAs\":[\"http:\\\/\\\/soapboxorators.org\"],\"url\":\"https:\\\/\\\/soapboxorators.org\\\/news\\\/author\\\/the-tailor-of-words\\\/\"}]}<\/script>\n<!-- \/ Yoast SEO plugin. -->","yoast_head_json":{"title":"\ud83d\uddde\ufe0f Flotilla Sumud: interceptada con Greta a bordo - SoapBoxOrators.org","robots":{"index":"noindex","follow":"follow","max-snippet":"max-snippet:-1","max-image-preview":"max-image-preview:large","max-video-preview":"max-video-preview:-1"},"og_locale":"es_ES","og_type":"article","og_title":"\ud83d\uddde\ufe0f Flotilla Sumud: interceptada con Greta a bordo - SoapBoxOrators.org","og_description":"\ud83d\udea8 Interceptada la Flotilla Global Sumud con Greta a bordo. Israel habla de \u201cbloqueo legal\u201d. Activistas denuncian secuestro en aguas internacionales. Italia y Espa\u00f1a, flanqueo simb\u00f3lico. Turqu\u00eda: \u201cacto de terrorismo\u201d. Gaza sigue bajo fuego.","og_url":"https:\/\/soapboxorators.org\/news\/2025\/10\/01\/flotilla-sumud-interceptada-con-greta-a-bordo\/","og_site_name":"SoapBoxOrators.org","article_published_time":"2025-10-01T22:03:20+00:00","article_modified_time":"2025-10-02T09:21:14+00:00","og_image":[{"width":1024,"height":1024,"url":"https:\/\/soapboxorators.org\/news\/wp-content\/uploads\/2025\/10\/bbded664-943d-4c24-8024-8478d805732a-1.jpg","type":"image\/jpeg"}],"author":"The Tailor of Words","twitter_card":"summary_large_image","twitter_misc":{"Escrito por":"The Tailor of Words","Tiempo de lectura":"2 minutos"},"schema":{"@context":"https:\/\/schema.org","@graph":[{"@type":"Article","@id":"https:\/\/soapboxorators.org\/news\/2025\/10\/01\/flotilla-sumud-interceptada-con-greta-a-bordo\/#article","isPartOf":{"@id":"https:\/\/soapboxorators.org\/news\/2025\/10\/01\/flotilla-sumud-interceptada-con-greta-a-bordo\/"},"author":{"name":"The Tailor of Words","@id":"https:\/\/soapboxorators.org\/news\/#\/schema\/person\/dd18d90f0832c0321ab186330369af0b"},"headline":"\ud83d\uddde\ufe0f Flotilla Sumud: interceptada con Greta a bordo","datePublished":"2025-10-01T22:03:20+00:00","dateModified":"2025-10-02T09:21:14+00:00","mainEntityOfPage":{"@id":"https:\/\/soapboxorators.org\/news\/2025\/10\/01\/flotilla-sumud-interceptada-con-greta-a-bordo\/"},"wordCount":433,"publisher":{"@id":"https:\/\/soapboxorators.org\/news\/#organization"},"image":{"@id":"https:\/\/soapboxorators.org\/news\/2025\/10\/01\/flotilla-sumud-interceptada-con-greta-a-bordo\/#primaryimage"},"thumbnailUrl":"https:\/\/soapboxorators.org\/news\/wp-content\/uploads\/2025\/10\/bbded664-943d-4c24-8024-8478d805732a-1.jpg","articleSection":["Actualidad Editorial","Oradores de Plataforma \/ SoapBox"],"inLanguage":"es-AR"},{"@type":"WebPage","@id":"https:\/\/soapboxorators.org\/news\/2025\/10\/01\/flotilla-sumud-interceptada-con-greta-a-bordo\/","url":"https:\/\/soapboxorators.org\/news\/2025\/10\/01\/flotilla-sumud-interceptada-con-greta-a-bordo\/","name":"\ud83d\uddde\ufe0f Flotilla Sumud: interceptada con Greta a bordo - SoapBoxOrators.org","isPartOf":{"@id":"https:\/\/soapboxorators.org\/news\/#website"},"primaryImageOfPage":{"@id":"https:\/\/soapboxorators.org\/news\/2025\/10\/01\/flotilla-sumud-interceptada-con-greta-a-bordo\/#primaryimage"},"image":{"@id":"https:\/\/soapboxorators.org\/news\/2025\/10\/01\/flotilla-sumud-interceptada-con-greta-a-bordo\/#primaryimage"},"thumbnailUrl":"https:\/\/soapboxorators.org\/news\/wp-content\/uploads\/2025\/10\/bbded664-943d-4c24-8024-8478d805732a-1.jpg","datePublished":"2025-10-01T22:03:20+00:00","dateModified":"2025-10-02T09:21:14+00:00","breadcrumb":{"@id":"https:\/\/soapboxorators.org\/news\/2025\/10\/01\/flotilla-sumud-interceptada-con-greta-a-bordo\/#breadcrumb"},"inLanguage":"es-AR","potentialAction":[{"@type":"ReadAction","target":["https:\/\/soapboxorators.org\/news\/2025\/10\/01\/flotilla-sumud-interceptada-con-greta-a-bordo\/"]}]},{"@type":"ImageObject","inLanguage":"es-AR","@id":"https:\/\/soapboxorators.org\/news\/2025\/10\/01\/flotilla-sumud-interceptada-con-greta-a-bordo\/#primaryimage","url":"https:\/\/soapboxorators.org\/news\/wp-content\/uploads\/2025\/10\/bbded664-943d-4c24-8024-8478d805732a-1.jpg","contentUrl":"https:\/\/soapboxorators.org\/news\/wp-content\/uploads\/2025\/10\/bbded664-943d-4c24-8024-8478d805732a-1.jpg","width":1024,"height":1024},{"@type":"BreadcrumbList","@id":"https:\/\/soapboxorators.org\/news\/2025\/10\/01\/flotilla-sumud-interceptada-con-greta-a-bordo\/#breadcrumb","itemListElement":[{"@type":"ListItem","position":1,"name":"Inicio","item":"https:\/\/soapboxorators.org\/news\/"},{"@type":"ListItem","position":2,"name":"\ud83d\uddde\ufe0f Flotilla Sumud: interceptada con Greta a bordo"}]},{"@type":"WebSite","@id":"https:\/\/soapboxorators.org\/news\/#website","url":"https:\/\/soapboxorators.org\/news\/","name":"SoapBoxOrators.org","description":"Plataforma de Oradores - Piattaforma di Oratori-  \u6f14\u8bb2\u8005\u5e73\u53f0 - \u0645\u0646\u0635\u0629 \u0627\u0644\u0645\u062a\u062d\u062f\u062b\u064a\u0646 - \u09ac\u0995\u09cd\u09a4\u09be\u09a6\u09c7\u09b0 \u09aa\u09cd\u09b2\u09cd\u09af\u09be\u099f\u09ab\u09b0\u09cd\u09ae","publisher":{"@id":"https:\/\/soapboxorators.org\/news\/#organization"},"potentialAction":[{"@type":"SearchAction","target":{"@type":"EntryPoint","urlTemplate":"https:\/\/soapboxorators.org\/news\/?s={search_term_string}"},"query-input":{"@type":"PropertyValueSpecification","valueRequired":true,"valueName":"search_term_string"}}],"inLanguage":"es-AR"},{"@type":"Organization","@id":"https:\/\/soapboxorators.org\/news\/#organization","name":"Guzzo Photos & Graphic Publications","url":"https:\/\/soapboxorators.org\/news\/","logo":{"@type":"ImageObject","inLanguage":"es-AR","@id":"https:\/\/soapboxorators.org\/news\/#\/schema\/logo\/image\/","url":"https:\/\/soapboxorators.org\/news\/wp-content\/uploads\/2025\/08\/soapboxorators_520.png","contentUrl":"https:\/\/soapboxorators.org\/news\/wp-content\/uploads\/2025\/08\/soapboxorators_520.png","width":520,"height":50,"caption":"Guzzo Photos & Graphic Publications"},"image":{"@id":"https:\/\/soapboxorators.org\/news\/#\/schema\/logo\/image\/"}},{"@type":"Person","@id":"https:\/\/soapboxorators.org\/news\/#\/schema\/person\/dd18d90f0832c0321ab186330369af0b","name":"The Tailor of Words","sameAs":["http:\/\/soapboxorators.org"],"url":"https:\/\/soapboxorators.org\/news\/author\/the-tailor-of-words\/"}]}},"views":237,"_links":{"self":[{"href":"https:\/\/soapboxorators.org\/news\/wp-json\/wp\/v2\/posts\/339","targetHints":{"allow":["GET"]}}],"collection":[{"href":"https:\/\/soapboxorators.org\/news\/wp-json\/wp\/v2\/posts"}],"about":[{"href":"https:\/\/soapboxorators.org\/news\/wp-json\/wp\/v2\/types\/post"}],"author":[{"embeddable":true,"href":"https:\/\/soapboxorators.org\/news\/wp-json\/wp\/v2\/users\/4"}],"replies":[{"embeddable":true,"href":"https:\/\/soapboxorators.org\/news\/wp-json\/wp\/v2\/comments?post=339"}],"version-history":[{"count":0,"href":"https:\/\/soapboxorators.org\/news\/wp-json\/wp\/v2\/posts\/339\/revisions"}],"wp:featuredmedia":[{"embeddable":true,"href":"https:\/\/soapboxorators.org\/news\/wp-json\/wp\/v2\/media\/341"}],"wp:attachment":[{"href":"https:\/\/soapboxorators.org\/news\/wp-json\/wp\/v2\/media?parent=339"}],"wp:term":[{"taxonomy":"category","embeddable":true,"href":"https:\/\/soapboxorators.org\/news\/wp-json\/wp\/v2\/categories?post=339"},{"taxonomy":"post_tag","embeddable":true,"href":"https:\/\/soapboxorators.org\/news\/wp-json\/wp\/v2\/tags?post=339"}],"curies":[{"name":"wp","href":"https:\/\/api.w.org\/{rel}","templated":true}]}}