{"id":335,"date":"2025-09-27T17:47:24","date_gmt":"2025-09-27T20:47:24","guid":{"rendered":"https:\/\/soapboxorators.org\/news\/?p=335"},"modified":"2025-09-27T17:48:23","modified_gmt":"2025-09-27T20:48:23","slug":"turin-bloquee-une-manifestation-pro-palestinienne-atteint-laeroport","status":"publish","type":"post","link":"https:\/\/soapboxorators.org\/news\/2025\/09\/27\/turin-bloquee-une-manifestation-pro-palestinienne-atteint-laeroport\/","title":{"rendered":"\ud83c\uddeb\ud83c\uddf7 Turin bloqu\u00e9e : une manifestation pro-palestinienne atteint l\u2019a\u00e9roport"},"content":{"rendered":"\n<figure class=\"wp-block-image size-full\"><img loading=\"lazy\" decoding=\"async\" width=\"600\" height=\"400\" src=\"https:\/\/soapboxorators.org\/news\/wp-content\/uploads\/2025\/09\/topapage_20250927.jpg\" alt=\"\" class=\"wp-image-331\" srcset=\"https:\/\/soapboxorators.org\/news\/wp-content\/uploads\/2025\/09\/topapage_20250927.jpg 600w, https:\/\/soapboxorators.org\/news\/wp-content\/uploads\/2025\/09\/topapage_20250927-300x200.jpg 300w\" sizes=\"auto, (max-width: 600px) 100vw, 600px\" \/><\/figure>\n\n\n\n<p>Turin s\u2019est embras\u00e9e ce samedi avec une mobilisation pro-palestinienne qui ne s\u2019est pas arr\u00eat\u00e9e aux slogans : <strong>routes bloqu\u00e9es, gares vis\u00e9es et cort\u00e8ge en direction de l\u2019a\u00e9roport de Caselle<\/strong>.<\/p>\n\n\n\n<p>Des haut-parleurs du cort\u00e8ge, le message a \u00e9t\u00e9 clair et sans ambigu\u00eft\u00e9 :<br>\ud83d\udc49 \u00ab Stopper l\u2019entit\u00e9 sioniste d\u2019Isra\u00ebl \u00bb.<br>\ud83d\udc49 \u00ab Bloquer tout \u00bb.<\/p>\n\n\n\n<p>La marche a commenc\u00e9 avec <strong>des centaines de cyclistes<\/strong> ouvrant la voie, suivis par des milliers de manifestants derri\u00e8re un immense drapeau palestinien et des banderoles percutantes :<\/p>\n\n\n\n<ul class=\"wp-block-list\">\n<li><em>\u00ab Arr\u00eatons le Troisi\u00e8me Reich isra\u00e9lien qui tue des enfants et des journalistes \u00bb.<\/em><\/li>\n\n\n\n<li><em>\u00ab Nous bloquons tout \u00bb.<\/em><\/li>\n<\/ul>\n\n\n\n<p>L\u2019image la plus marquante : un enfant, le visage couvert d\u2019un keffieh, brandissant une fronde factice, symbole des Intifadas pass\u00e9es.<\/p>\n\n\n\n<p>\u2708\ufe0f <strong>Objectif : Caselle<\/strong><\/p>\n\n\n\n<p>Les organisateurs ont \u00e9t\u00e9 cat\u00e9goriques : <em>\u00ab Bloquer l\u2019a\u00e9roport signifie causer un dommage \u00e9conomique direct et arr\u00eater les vols vers Tel Aviv. Ce sont les m\u00eames vols qui permettent aux soldats de se reposer en Italie apr\u00e8s le g\u00e9nocide \u00e0 Gaza \u00bb.<\/em><\/p>\n\n\n\n<p>\ud83d\udd27 <strong>Leonardo dans le viseur<\/strong><\/p>\n\n\n\n<p>\u00c9galement dans la ligne de mire : le si\u00e8ge de <strong>Leonardo<\/strong>, g\u00e9ant italien de l\u2019industrie militaire. Les militants ont accus\u00e9 :<\/p>\n\n\n\n<ul class=\"wp-block-list\">\n<li>\u00ab C\u2019est l\u00e0 que sont assembl\u00e9es des pi\u00e8ces de l\u2019Eurofighter Typhoon \u00bb.<\/li>\n\n\n\n<li>\u00ab C\u2019est l\u00e0 que sont d\u00e9velopp\u00e9s des drones, des syst\u00e8mes de surveillance et des technologies de cybers\u00e9curit\u00e9 vendus \u00e0 Isra\u00ebl \u00bb.<\/li>\n<\/ul>\n\n\n\n<p>\u26d4 <strong>Une cha\u00eene de blocages<\/strong><\/p>\n\n\n\n<p>La manifestation d\u2019aujourd\u2019hui a \u00e9t\u00e9 pr\u00e9sent\u00e9e comme la continuit\u00e9 des actions des derni\u00e8res semaines :<\/p>\n\n\n\n<ul class=\"wp-block-list\">\n<li>blocages \u00e0 Porta Susa et Porta Nuova,<\/li>\n\n\n\n<li>coupures du p\u00e9riph\u00e9rique et des autoroutes,<\/li>\n\n\n\n<li>gr\u00e8ves comme forme d\u2019interruption du travail.<\/li>\n<\/ul>\n\n\n\n<p><em>\u00ab Bloquer, c\u2019est interrompre une complicit\u00e9, \u00e0 commencer par sa d\u00e9clinaison militaire et \u00e9conomique \u00bb<\/em>, ont conclu les organisateurs, r\u00e9affirmant que Turin n\u2019a pas l\u2019intention de rel\u00e2cher la pression.<br><br>\u270d\ufe0f<small>\u00a92025 La Voix du Trottoir \u2013 All Rights Reserved<\/small><\/p>\n\n\n<hr style=\"border: none;height: 1px;background-color: #e0e0e0;max-width: 80%;margin: 2em auto\" \/>\n<p>Tu veux dire quelque chose ?<\/p>\n<p>\ud83d\udcec Envoyez votre texte \u00e0 elcanillita@yahoo.com ou t\u00e9l\u00e9chargez-le dans la Speakers Box : SoapBoxOrators.org.<\/p>\n<p>\ud83c\uddeb\ud83c\uddf7 FRAN\u00c7AIS<\/p>\n\n  <label for=\"name\">Nom ou pseudonyme :<\/label><br \/>\n  <\/p>\n<p>  <label for=\"title\">Titre du discours ou \u00e9ditorial :<\/label><br \/>\n  <\/p>\n<p>  <label for=\"message\">Texte (max. 3 000 caract\u00e8res) :<\/label><br \/>\n  <textarea id=\"message\" name=\"message\" rows=\"10\"><\/textarea><\/p>\n<p>  <label><br \/>\n    <br \/>\n    J&#8217;autorise la publication de ce texte sur SoapboxOrators.org<br \/>\n  <\/label><\/p>\n<p>  <button type=\"submit\">Envoyer<\/button><br \/>\n  <button type=\"reset\">Effacer<\/button><br \/>\n\n\n\n<p><small>\u00a92025 La Voix du Trottoir \u2013 All Rights Reserved &#8211; Copyright \u00a9 2025 ElCanillita.info \/ BlogDiario.info \/SalaStampa.eu, world press service &#8211; Guzzo Photos &amp; Graphic Publications \u2013 Registro Editori e Stampatori n. 1441 Turin, Italy<\/small><\/p>\n\n\n\n<p><\/p>\n","protected":false},"excerpt":{"rendered":"<p>\u270a\ud83d\udea7 Turin entre v\u00e9los, banderoles et blocages : la manifestation pro-palestinienne vise Caselle et place Leonardo sur le banc des accus\u00e9s.<\/p>\n","protected":false},"author":4,"featured_media":332,"comment_status":"closed","ping_status":"closed","sticky":false,"template":"","format":"standard","meta":{"footnotes":"","_links_to":"","_links_to_target":""},"categories":[23],"tags":[45],"class_list":["post-335","post","type-post","status-publish","format-standard","has-post-thumbnail","hentry","category-caisse-a-savon-soapbox","tag-italie","entry","double"],"yoast_head":"<!-- This site is optimized with the Yoast SEO plugin v27.3 - https:\/\/yoast.com\/product\/yoast-seo-wordpress\/ -->\n<title>\ud83c\uddeb\ud83c\uddf7 Turin bloqu\u00e9e : une manifestation pro-palestinienne atteint l\u2019a\u00e9roport - SoapBoxOrators.org<\/title>\n<meta name=\"robots\" content=\"noindex, follow, max-snippet:-1, max-image-preview:large, max-video-preview:-1\" \/>\n<meta property=\"og:locale\" content=\"es_ES\" \/>\n<meta property=\"og:type\" content=\"article\" \/>\n<meta property=\"og:title\" content=\"\ud83c\uddeb\ud83c\uddf7 Turin bloqu\u00e9e : une manifestation pro-palestinienne atteint l\u2019a\u00e9roport - SoapBoxOrators.org\" \/>\n<meta property=\"og:description\" content=\"\u270a\ud83d\udea7 Turin entre v\u00e9los, banderoles et blocages : la manifestation pro-palestinienne vise Caselle et place Leonardo sur le banc des accus\u00e9s.\" \/>\n<meta property=\"og:url\" content=\"https:\/\/soapboxorators.org\/news\/2025\/09\/27\/turin-bloquee-une-manifestation-pro-palestinienne-atteint-laeroport\/\" \/>\n<meta property=\"og:site_name\" content=\"SoapBoxOrators.org\" \/>\n<meta property=\"article:published_time\" content=\"2025-09-27T20:47:24+00:00\" \/>\n<meta property=\"article:modified_time\" content=\"2025-09-27T20:48:23+00:00\" \/>\n<meta property=\"og:image\" content=\"https:\/\/soapboxorators.org\/news\/wp-content\/uploads\/2025\/09\/toaercov.jpg\" \/>\n\t<meta property=\"og:image:width\" content=\"500\" \/>\n\t<meta property=\"og:image:height\" content=\"500\" \/>\n\t<meta property=\"og:image:type\" content=\"image\/jpeg\" \/>\n<meta name=\"author\" content=\"The Tailor of Words\" \/>\n<meta name=\"twitter:card\" content=\"summary_large_image\" \/>\n<meta name=\"twitter:label1\" content=\"Escrito por\" \/>\n\t<meta name=\"twitter:data1\" content=\"The Tailor of Words\" \/>\n\t<meta name=\"twitter:label2\" content=\"Tiempo de lectura\" \/>\n\t<meta name=\"twitter:data2\" content=\"3 minutos\" \/>\n<script type=\"application\/ld+json\" class=\"yoast-schema-graph\">{\"@context\":\"https:\\\/\\\/schema.org\",\"@graph\":[{\"@type\":\"Article\",\"@id\":\"https:\\\/\\\/soapboxorators.org\\\/news\\\/2025\\\/09\\\/27\\\/turin-bloquee-une-manifestation-pro-palestinienne-atteint-laeroport\\\/#article\",\"isPartOf\":{\"@id\":\"https:\\\/\\\/soapboxorators.org\\\/news\\\/2025\\\/09\\\/27\\\/turin-bloquee-une-manifestation-pro-palestinienne-atteint-laeroport\\\/\"},\"author\":{\"name\":\"The Tailor of Words\",\"@id\":\"https:\\\/\\\/soapboxorators.org\\\/news\\\/#\\\/schema\\\/person\\\/dd18d90f0832c0321ab186330369af0b\"},\"headline\":\"\ud83c\uddeb\ud83c\uddf7 Turin bloqu\u00e9e : une manifestation pro-palestinienne atteint l\u2019a\u00e9roport\",\"datePublished\":\"2025-09-27T20:47:24+00:00\",\"dateModified\":\"2025-09-27T20:48:23+00:00\",\"mainEntityOfPage\":{\"@id\":\"https:\\\/\\\/soapboxorators.org\\\/news\\\/2025\\\/09\\\/27\\\/turin-bloquee-une-manifestation-pro-palestinienne-atteint-laeroport\\\/\"},\"wordCount\":413,\"publisher\":{\"@id\":\"https:\\\/\\\/soapboxorators.org\\\/news\\\/#organization\"},\"image\":{\"@id\":\"https:\\\/\\\/soapboxorators.org\\\/news\\\/2025\\\/09\\\/27\\\/turin-bloquee-une-manifestation-pro-palestinienne-atteint-laeroport\\\/#primaryimage\"},\"thumbnailUrl\":\"https:\\\/\\\/soapboxorators.org\\\/news\\\/wp-content\\\/uploads\\\/2025\\\/09\\\/toaercov.jpg\",\"keywords\":[\"Italie\"],\"articleSection\":[\"Caisse \u00e0 Savon \\\/ Soapbox\"],\"inLanguage\":\"es-AR\"},{\"@type\":\"WebPage\",\"@id\":\"https:\\\/\\\/soapboxorators.org\\\/news\\\/2025\\\/09\\\/27\\\/turin-bloquee-une-manifestation-pro-palestinienne-atteint-laeroport\\\/\",\"url\":\"https:\\\/\\\/soapboxorators.org\\\/news\\\/2025\\\/09\\\/27\\\/turin-bloquee-une-manifestation-pro-palestinienne-atteint-laeroport\\\/\",\"name\":\"\ud83c\uddeb\ud83c\uddf7 Turin bloqu\u00e9e : une manifestation pro-palestinienne atteint l\u2019a\u00e9roport - SoapBoxOrators.org\",\"isPartOf\":{\"@id\":\"https:\\\/\\\/soapboxorators.org\\\/news\\\/#website\"},\"primaryImageOfPage\":{\"@id\":\"https:\\\/\\\/soapboxorators.org\\\/news\\\/2025\\\/09\\\/27\\\/turin-bloquee-une-manifestation-pro-palestinienne-atteint-laeroport\\\/#primaryimage\"},\"image\":{\"@id\":\"https:\\\/\\\/soapboxorators.org\\\/news\\\/2025\\\/09\\\/27\\\/turin-bloquee-une-manifestation-pro-palestinienne-atteint-laeroport\\\/#primaryimage\"},\"thumbnailUrl\":\"https:\\\/\\\/soapboxorators.org\\\/news\\\/wp-content\\\/uploads\\\/2025\\\/09\\\/toaercov.jpg\",\"datePublished\":\"2025-09-27T20:47:24+00:00\",\"dateModified\":\"2025-09-27T20:48:23+00:00\",\"breadcrumb\":{\"@id\":\"https:\\\/\\\/soapboxorators.org\\\/news\\\/2025\\\/09\\\/27\\\/turin-bloquee-une-manifestation-pro-palestinienne-atteint-laeroport\\\/#breadcrumb\"},\"inLanguage\":\"es-AR\",\"potentialAction\":[{\"@type\":\"ReadAction\",\"target\":[\"https:\\\/\\\/soapboxorators.org\\\/news\\\/2025\\\/09\\\/27\\\/turin-bloquee-une-manifestation-pro-palestinienne-atteint-laeroport\\\/\"]}]},{\"@type\":\"ImageObject\",\"inLanguage\":\"es-AR\",\"@id\":\"https:\\\/\\\/soapboxorators.org\\\/news\\\/2025\\\/09\\\/27\\\/turin-bloquee-une-manifestation-pro-palestinienne-atteint-laeroport\\\/#primaryimage\",\"url\":\"https:\\\/\\\/soapboxorators.org\\\/news\\\/wp-content\\\/uploads\\\/2025\\\/09\\\/toaercov.jpg\",\"contentUrl\":\"https:\\\/\\\/soapboxorators.org\\\/news\\\/wp-content\\\/uploads\\\/2025\\\/09\\\/toaercov.jpg\",\"width\":500,\"height\":500},{\"@type\":\"BreadcrumbList\",\"@id\":\"https:\\\/\\\/soapboxorators.org\\\/news\\\/2025\\\/09\\\/27\\\/turin-bloquee-une-manifestation-pro-palestinienne-atteint-laeroport\\\/#breadcrumb\",\"itemListElement\":[{\"@type\":\"ListItem\",\"position\":1,\"name\":\"Inicio\",\"item\":\"https:\\\/\\\/soapboxorators.org\\\/news\\\/\"},{\"@type\":\"ListItem\",\"position\":2,\"name\":\"\ud83c\uddeb\ud83c\uddf7 Turin bloqu\u00e9e : une manifestation pro-palestinienne atteint l\u2019a\u00e9roport\"}]},{\"@type\":\"WebSite\",\"@id\":\"https:\\\/\\\/soapboxorators.org\\\/news\\\/#website\",\"url\":\"https:\\\/\\\/soapboxorators.org\\\/news\\\/\",\"name\":\"SoapBoxOrators.org\",\"description\":\"Plataforma de Oradores - Piattaforma di Oratori-  \u6f14\u8bb2\u8005\u5e73\u53f0 - \u0645\u0646\u0635\u0629 \u0627\u0644\u0645\u062a\u062d\u062f\u062b\u064a\u0646 - \u09ac\u0995\u09cd\u09a4\u09be\u09a6\u09c7\u09b0 \u09aa\u09cd\u09b2\u09cd\u09af\u09be\u099f\u09ab\u09b0\u09cd\u09ae\",\"publisher\":{\"@id\":\"https:\\\/\\\/soapboxorators.org\\\/news\\\/#organization\"},\"potentialAction\":[{\"@type\":\"SearchAction\",\"target\":{\"@type\":\"EntryPoint\",\"urlTemplate\":\"https:\\\/\\\/soapboxorators.org\\\/news\\\/?s={search_term_string}\"},\"query-input\":{\"@type\":\"PropertyValueSpecification\",\"valueRequired\":true,\"valueName\":\"search_term_string\"}}],\"inLanguage\":\"es-AR\"},{\"@type\":\"Organization\",\"@id\":\"https:\\\/\\\/soapboxorators.org\\\/news\\\/#organization\",\"name\":\"Guzzo Photos & Graphic Publications\",\"url\":\"https:\\\/\\\/soapboxorators.org\\\/news\\\/\",\"logo\":{\"@type\":\"ImageObject\",\"inLanguage\":\"es-AR\",\"@id\":\"https:\\\/\\\/soapboxorators.org\\\/news\\\/#\\\/schema\\\/logo\\\/image\\\/\",\"url\":\"https:\\\/\\\/soapboxorators.org\\\/news\\\/wp-content\\\/uploads\\\/2025\\\/08\\\/soapboxorators_520.png\",\"contentUrl\":\"https:\\\/\\\/soapboxorators.org\\\/news\\\/wp-content\\\/uploads\\\/2025\\\/08\\\/soapboxorators_520.png\",\"width\":520,\"height\":50,\"caption\":\"Guzzo Photos & Graphic Publications\"},\"image\":{\"@id\":\"https:\\\/\\\/soapboxorators.org\\\/news\\\/#\\\/schema\\\/logo\\\/image\\\/\"}},{\"@type\":\"Person\",\"@id\":\"https:\\\/\\\/soapboxorators.org\\\/news\\\/#\\\/schema\\\/person\\\/dd18d90f0832c0321ab186330369af0b\",\"name\":\"The Tailor of Words\",\"sameAs\":[\"http:\\\/\\\/soapboxorators.org\"],\"url\":\"https:\\\/\\\/soapboxorators.org\\\/news\\\/author\\\/the-tailor-of-words\\\/\"}]}<\/script>\n<!-- \/ Yoast SEO plugin. -->","yoast_head_json":{"title":"\ud83c\uddeb\ud83c\uddf7 Turin bloqu\u00e9e : une manifestation pro-palestinienne atteint l\u2019a\u00e9roport - SoapBoxOrators.org","robots":{"index":"noindex","follow":"follow","max-snippet":"max-snippet:-1","max-image-preview":"max-image-preview:large","max-video-preview":"max-video-preview:-1"},"og_locale":"es_ES","og_type":"article","og_title":"\ud83c\uddeb\ud83c\uddf7 Turin bloqu\u00e9e : une manifestation pro-palestinienne atteint l\u2019a\u00e9roport - SoapBoxOrators.org","og_description":"\u270a\ud83d\udea7 Turin entre v\u00e9los, banderoles et blocages : la manifestation pro-palestinienne vise Caselle et place Leonardo sur le banc des accus\u00e9s.","og_url":"https:\/\/soapboxorators.org\/news\/2025\/09\/27\/turin-bloquee-une-manifestation-pro-palestinienne-atteint-laeroport\/","og_site_name":"SoapBoxOrators.org","article_published_time":"2025-09-27T20:47:24+00:00","article_modified_time":"2025-09-27T20:48:23+00:00","og_image":[{"width":500,"height":500,"url":"https:\/\/soapboxorators.org\/news\/wp-content\/uploads\/2025\/09\/toaercov.jpg","type":"image\/jpeg"}],"author":"The Tailor of Words","twitter_card":"summary_large_image","twitter_misc":{"Escrito por":"The Tailor of Words","Tiempo de lectura":"3 minutos"},"schema":{"@context":"https:\/\/schema.org","@graph":[{"@type":"Article","@id":"https:\/\/soapboxorators.org\/news\/2025\/09\/27\/turin-bloquee-une-manifestation-pro-palestinienne-atteint-laeroport\/#article","isPartOf":{"@id":"https:\/\/soapboxorators.org\/news\/2025\/09\/27\/turin-bloquee-une-manifestation-pro-palestinienne-atteint-laeroport\/"},"author":{"name":"The Tailor of Words","@id":"https:\/\/soapboxorators.org\/news\/#\/schema\/person\/dd18d90f0832c0321ab186330369af0b"},"headline":"\ud83c\uddeb\ud83c\uddf7 Turin bloqu\u00e9e : une manifestation pro-palestinienne atteint l\u2019a\u00e9roport","datePublished":"2025-09-27T20:47:24+00:00","dateModified":"2025-09-27T20:48:23+00:00","mainEntityOfPage":{"@id":"https:\/\/soapboxorators.org\/news\/2025\/09\/27\/turin-bloquee-une-manifestation-pro-palestinienne-atteint-laeroport\/"},"wordCount":413,"publisher":{"@id":"https:\/\/soapboxorators.org\/news\/#organization"},"image":{"@id":"https:\/\/soapboxorators.org\/news\/2025\/09\/27\/turin-bloquee-une-manifestation-pro-palestinienne-atteint-laeroport\/#primaryimage"},"thumbnailUrl":"https:\/\/soapboxorators.org\/news\/wp-content\/uploads\/2025\/09\/toaercov.jpg","keywords":["Italie"],"articleSection":["Caisse \u00e0 Savon \/ Soapbox"],"inLanguage":"es-AR"},{"@type":"WebPage","@id":"https:\/\/soapboxorators.org\/news\/2025\/09\/27\/turin-bloquee-une-manifestation-pro-palestinienne-atteint-laeroport\/","url":"https:\/\/soapboxorators.org\/news\/2025\/09\/27\/turin-bloquee-une-manifestation-pro-palestinienne-atteint-laeroport\/","name":"\ud83c\uddeb\ud83c\uddf7 Turin bloqu\u00e9e : une manifestation pro-palestinienne atteint l\u2019a\u00e9roport - SoapBoxOrators.org","isPartOf":{"@id":"https:\/\/soapboxorators.org\/news\/#website"},"primaryImageOfPage":{"@id":"https:\/\/soapboxorators.org\/news\/2025\/09\/27\/turin-bloquee-une-manifestation-pro-palestinienne-atteint-laeroport\/#primaryimage"},"image":{"@id":"https:\/\/soapboxorators.org\/news\/2025\/09\/27\/turin-bloquee-une-manifestation-pro-palestinienne-atteint-laeroport\/#primaryimage"},"thumbnailUrl":"https:\/\/soapboxorators.org\/news\/wp-content\/uploads\/2025\/09\/toaercov.jpg","datePublished":"2025-09-27T20:47:24+00:00","dateModified":"2025-09-27T20:48:23+00:00","breadcrumb":{"@id":"https:\/\/soapboxorators.org\/news\/2025\/09\/27\/turin-bloquee-une-manifestation-pro-palestinienne-atteint-laeroport\/#breadcrumb"},"inLanguage":"es-AR","potentialAction":[{"@type":"ReadAction","target":["https:\/\/soapboxorators.org\/news\/2025\/09\/27\/turin-bloquee-une-manifestation-pro-palestinienne-atteint-laeroport\/"]}]},{"@type":"ImageObject","inLanguage":"es-AR","@id":"https:\/\/soapboxorators.org\/news\/2025\/09\/27\/turin-bloquee-une-manifestation-pro-palestinienne-atteint-laeroport\/#primaryimage","url":"https:\/\/soapboxorators.org\/news\/wp-content\/uploads\/2025\/09\/toaercov.jpg","contentUrl":"https:\/\/soapboxorators.org\/news\/wp-content\/uploads\/2025\/09\/toaercov.jpg","width":500,"height":500},{"@type":"BreadcrumbList","@id":"https:\/\/soapboxorators.org\/news\/2025\/09\/27\/turin-bloquee-une-manifestation-pro-palestinienne-atteint-laeroport\/#breadcrumb","itemListElement":[{"@type":"ListItem","position":1,"name":"Inicio","item":"https:\/\/soapboxorators.org\/news\/"},{"@type":"ListItem","position":2,"name":"\ud83c\uddeb\ud83c\uddf7 Turin bloqu\u00e9e : une manifestation pro-palestinienne atteint l\u2019a\u00e9roport"}]},{"@type":"WebSite","@id":"https:\/\/soapboxorators.org\/news\/#website","url":"https:\/\/soapboxorators.org\/news\/","name":"SoapBoxOrators.org","description":"Plataforma de Oradores - Piattaforma di Oratori-  \u6f14\u8bb2\u8005\u5e73\u53f0 - \u0645\u0646\u0635\u0629 \u0627\u0644\u0645\u062a\u062d\u062f\u062b\u064a\u0646 - \u09ac\u0995\u09cd\u09a4\u09be\u09a6\u09c7\u09b0 \u09aa\u09cd\u09b2\u09cd\u09af\u09be\u099f\u09ab\u09b0\u09cd\u09ae","publisher":{"@id":"https:\/\/soapboxorators.org\/news\/#organization"},"potentialAction":[{"@type":"SearchAction","target":{"@type":"EntryPoint","urlTemplate":"https:\/\/soapboxorators.org\/news\/?s={search_term_string}"},"query-input":{"@type":"PropertyValueSpecification","valueRequired":true,"valueName":"search_term_string"}}],"inLanguage":"es-AR"},{"@type":"Organization","@id":"https:\/\/soapboxorators.org\/news\/#organization","name":"Guzzo Photos & Graphic Publications","url":"https:\/\/soapboxorators.org\/news\/","logo":{"@type":"ImageObject","inLanguage":"es-AR","@id":"https:\/\/soapboxorators.org\/news\/#\/schema\/logo\/image\/","url":"https:\/\/soapboxorators.org\/news\/wp-content\/uploads\/2025\/08\/soapboxorators_520.png","contentUrl":"https:\/\/soapboxorators.org\/news\/wp-content\/uploads\/2025\/08\/soapboxorators_520.png","width":520,"height":50,"caption":"Guzzo Photos & Graphic Publications"},"image":{"@id":"https:\/\/soapboxorators.org\/news\/#\/schema\/logo\/image\/"}},{"@type":"Person","@id":"https:\/\/soapboxorators.org\/news\/#\/schema\/person\/dd18d90f0832c0321ab186330369af0b","name":"The Tailor of Words","sameAs":["http:\/\/soapboxorators.org"],"url":"https:\/\/soapboxorators.org\/news\/author\/the-tailor-of-words\/"}]}},"views":133,"_links":{"self":[{"href":"https:\/\/soapboxorators.org\/news\/wp-json\/wp\/v2\/posts\/335","targetHints":{"allow":["GET"]}}],"collection":[{"href":"https:\/\/soapboxorators.org\/news\/wp-json\/wp\/v2\/posts"}],"about":[{"href":"https:\/\/soapboxorators.org\/news\/wp-json\/wp\/v2\/types\/post"}],"author":[{"embeddable":true,"href":"https:\/\/soapboxorators.org\/news\/wp-json\/wp\/v2\/users\/4"}],"replies":[{"embeddable":true,"href":"https:\/\/soapboxorators.org\/news\/wp-json\/wp\/v2\/comments?post=335"}],"version-history":[{"count":0,"href":"https:\/\/soapboxorators.org\/news\/wp-json\/wp\/v2\/posts\/335\/revisions"}],"wp:featuredmedia":[{"embeddable":true,"href":"https:\/\/soapboxorators.org\/news\/wp-json\/wp\/v2\/media\/332"}],"wp:attachment":[{"href":"https:\/\/soapboxorators.org\/news\/wp-json\/wp\/v2\/media?parent=335"}],"wp:term":[{"taxonomy":"category","embeddable":true,"href":"https:\/\/soapboxorators.org\/news\/wp-json\/wp\/v2\/categories?post=335"},{"taxonomy":"post_tag","embeddable":true,"href":"https:\/\/soapboxorators.org\/news\/wp-json\/wp\/v2\/tags?post=335"}],"curies":[{"name":"wp","href":"https:\/\/api.w.org\/{rel}","templated":true}]}}