{"id":326,"date":"2025-09-20T05:39:07","date_gmt":"2025-09-20T08:39:07","guid":{"rendered":"https:\/\/soapboxorators.org\/news\/?p=326"},"modified":"2025-09-27T17:23:59","modified_gmt":"2025-09-27T20:23:59","slug":"lia-sabote-t-elle-le-gouvernement-tapageur-de-milei","status":"publish","type":"post","link":"https:\/\/soapboxorators.org\/news\/2025\/09\/20\/lia-sabote-t-elle-le-gouvernement-tapageur-de-milei\/","title":{"rendered":"\ud83c\uddeb\ud83c\uddf7 L\u2019IA\u2026 sabote-t-elle le gouvernement tapageur de Milei ?"},"content":{"rendered":"\n<figure class=\"wp-block-image size-full\"><img loading=\"lazy\" decoding=\"async\" width=\"600\" height=\"400\" src=\"https:\/\/soapboxorators.org\/news\/wp-content\/uploads\/2025\/09\/covmilB_20250920.jpg\" alt=\"\" class=\"wp-image-316\" srcset=\"https:\/\/soapboxorators.org\/news\/wp-content\/uploads\/2025\/09\/covmilB_20250920.jpg 600w, https:\/\/soapboxorators.org\/news\/wp-content\/uploads\/2025\/09\/covmilB_20250920-300x200.jpg 300w\" sizes=\"auto, (max-width: 600px) 100vw, 600px\" \/><\/figure>\n\n\n\n<p>\u00c0 C\u00f3rdoba, Javier Milei a lanc\u00e9 la campagne l\u00e9gislative de <em>La Libertad Avanza<\/em> avec son style habituel : insulte en poche et th\u00e9orie du complot sous le bras.<\/p>\n\n\n\n<p>Le libertarien a affirm\u00e9 que l\u2019opposition \u201ca la trouille\u201d et que les enregistrements impliquant Spagnuolo \u2014et m\u00eame sa s\u0153ur Karina\u2014 auraient \u00e9t\u00e9 fabriqu\u00e9s avec de <strong>l\u2019intelligence artificielle<\/strong>. Pas de ragots de salon de coiffure : tout est la faute d\u2019un algorithme farceur.<\/p>\n\n\n\n<p>\u00c0 la Bourse de Commerce, il avait d\u00e9j\u00e0 diagnostiqu\u00e9 que le dollar et le risque-pays flambaient \u00e0 cause d\u2019une \u201cpanique politique\u201d. Plus tard, en plein meeting, il a durci le ton :<\/p>\n\n\n\n<ul class=\"wp-block-list\">\n<li>\u201cDepuis le Congr\u00e8s, ils torpillent nos r\u00e9ussites.\u201d<\/li>\n\n\n\n<li>\u201cLes kirchneristes sont devenus des go\u00fbteurs de corruption\u201d, a-t-il ironis\u00e9, en levant trois doigts vers Cristina Kirchner et ses proc\u00e8s.<\/li>\n<\/ul>\n\n\n\n<p>Le cocktail \u00e9tait complet : opposition l\u00e2che, journalistes potins, Cristina avec bracelet \u00e9lectronique, et l\u2019IA en bouc \u00e9missaire.<\/p>\n\n\n\n<p>Ironie du sort : Milei, qui se vante de gouverner gr\u00e2ce au <em>big data<\/em>, d\u00e9nonce d\u00e9sormais que les m\u00eames puces l\u2019attaquent. \u00c0 ce rythme, il finira par accuser Excel de conspirer avec les Sims.<br><br>\u270d\ufe0f<small>\u00a92025 La Voix du Trottoir \u2013 All Rights Reserved<\/small><\/p>\n\n\n<hr style=\"border: none;height: 1px;background-color: #e0e0e0;max-width: 80%;margin: 2em auto\" \/>\n<p>Tu veux dire quelque chose ?<\/p>\n<p>\ud83d\udcec Envoyez votre texte \u00e0 elcanillita@yahoo.com ou t\u00e9l\u00e9chargez-le dans la Speakers Box : SoapBoxOrators.org.<\/p>\n<p>\ud83c\uddeb\ud83c\uddf7 FRAN\u00c7AIS<\/p>\n<p>  <label for=\"name\">Nom ou pseudonyme :<\/label><\/p>\n<p><\/p>\n<p>  <label for=\"title\">Titre du discours ou \u00e9ditorial :<\/label><\/p>\n<p><\/p>\n<p>  <label for=\"message\">Texte (max. 3 000 caract\u00e8res) :<\/label><br \/>\n  <textarea id=\"message\" name=\"message\" rows=\"10\"><\/textarea><\/p>\n<p>  <label><\/p>\n<p>    J&#8217;autorise la publication de ce texte sur SoapboxOrators.org<br \/>\n  <\/label><\/p>\n<p>  <button type=\"submit\">Envoyer<\/button><br \/>\n  <button type=\"reset\">Effacer<\/button><\/p>\n\n\n<p><small>\u00a9 2025 ElCanillita.info &#8211; All Rights Reserved &#8211; SalaStampa.eu, world press service -Guzzo Photos &amp; Graphic Publications \u2013 Registro Editori e Stampatori n. 1441 Turin, Italy<\/small><\/p>\n\n\n\n<p><\/p>\n","protected":false},"excerpt":{"rendered":"<p>\ud83e\udd16 Milei \u00e0 C\u00f3rdoba :<br \/>\n\u201cLe complot contre moi, c\u2019est l\u2019IA !\u201d<br \/>\n\ud83d\udc49 Opposition apeur\u00e9e, Cristina au bracelet \u00e9lectronique et journalistes de potins.<br \/>\nIronie : le libertarien du big data accuse les puces de le saboter.<\/p>\n","protected":false},"author":4,"featured_media":316,"comment_status":"closed","ping_status":"closed","sticky":false,"template":"","format":"standard","meta":{"footnotes":"","_links_to":"","_links_to_target":""},"categories":[23,20],"tags":[34],"class_list":["post-326","post","type-post","status-publish","format-standard","has-post-thumbnail","hentry","category-caisse-a-savon-soapbox","category-edito-du-jour","tag-argentine","entry","double"],"yoast_head":"<!-- This site is optimized with the Yoast SEO plugin v27.3 - https:\/\/yoast.com\/product\/yoast-seo-wordpress\/ -->\n<title>\ud83c\uddeb\ud83c\uddf7 L\u2019IA\u2026 sabote-t-elle le gouvernement tapageur de Milei ? - SoapBoxOrators.org<\/title>\n<meta name=\"robots\" content=\"noindex, follow, max-snippet:-1, max-image-preview:large, max-video-preview:-1\" \/>\n<meta property=\"og:locale\" content=\"es_ES\" \/>\n<meta property=\"og:type\" content=\"article\" \/>\n<meta property=\"og:title\" content=\"\ud83c\uddeb\ud83c\uddf7 L\u2019IA\u2026 sabote-t-elle le gouvernement tapageur de Milei ? - SoapBoxOrators.org\" \/>\n<meta property=\"og:description\" content=\"\ud83e\udd16 Milei \u00e0 C\u00f3rdoba : \u201cLe complot contre moi, c\u2019est l\u2019IA !\u201d \ud83d\udc49 Opposition apeur\u00e9e, Cristina au bracelet \u00e9lectronique et journalistes de potins. Ironie : le libertarien du big data accuse les puces de le saboter.\" \/>\n<meta property=\"og:url\" content=\"https:\/\/soapboxorators.org\/news\/2025\/09\/20\/lia-sabote-t-elle-le-gouvernement-tapageur-de-milei\/\" \/>\n<meta property=\"og:site_name\" content=\"SoapBoxOrators.org\" \/>\n<meta property=\"article:published_time\" content=\"2025-09-20T08:39:07+00:00\" \/>\n<meta property=\"article:modified_time\" content=\"2025-09-27T20:23:59+00:00\" \/>\n<meta property=\"og:image\" content=\"https:\/\/soapboxorators.org\/news\/wp-content\/uploads\/2025\/09\/covmilB_20250920.jpg\" \/>\n\t<meta property=\"og:image:width\" content=\"600\" \/>\n\t<meta property=\"og:image:height\" content=\"400\" \/>\n\t<meta property=\"og:image:type\" content=\"image\/jpeg\" \/>\n<meta name=\"author\" content=\"The Tailor of Words\" \/>\n<meta name=\"twitter:card\" content=\"summary_large_image\" \/>\n<meta name=\"twitter:label1\" content=\"Escrito por\" \/>\n\t<meta name=\"twitter:data1\" content=\"The Tailor of Words\" \/>\n\t<meta name=\"twitter:label2\" content=\"Tiempo de lectura\" \/>\n\t<meta name=\"twitter:data2\" content=\"2 minutos\" \/>\n<script type=\"application\/ld+json\" class=\"yoast-schema-graph\">{\"@context\":\"https:\\\/\\\/schema.org\",\"@graph\":[{\"@type\":\"Article\",\"@id\":\"https:\\\/\\\/soapboxorators.org\\\/news\\\/2025\\\/09\\\/20\\\/lia-sabote-t-elle-le-gouvernement-tapageur-de-milei\\\/#article\",\"isPartOf\":{\"@id\":\"https:\\\/\\\/soapboxorators.org\\\/news\\\/2025\\\/09\\\/20\\\/lia-sabote-t-elle-le-gouvernement-tapageur-de-milei\\\/\"},\"author\":{\"name\":\"The Tailor of Words\",\"@id\":\"https:\\\/\\\/soapboxorators.org\\\/news\\\/#\\\/schema\\\/person\\\/dd18d90f0832c0321ab186330369af0b\"},\"headline\":\"\ud83c\uddeb\ud83c\uddf7 L\u2019IA\u2026 sabote-t-elle le gouvernement tapageur de Milei ?\",\"datePublished\":\"2025-09-20T08:39:07+00:00\",\"dateModified\":\"2025-09-27T20:23:59+00:00\",\"mainEntityOfPage\":{\"@id\":\"https:\\\/\\\/soapboxorators.org\\\/news\\\/2025\\\/09\\\/20\\\/lia-sabote-t-elle-le-gouvernement-tapageur-de-milei\\\/\"},\"wordCount\":280,\"publisher\":{\"@id\":\"https:\\\/\\\/soapboxorators.org\\\/news\\\/#organization\"},\"image\":{\"@id\":\"https:\\\/\\\/soapboxorators.org\\\/news\\\/2025\\\/09\\\/20\\\/lia-sabote-t-elle-le-gouvernement-tapageur-de-milei\\\/#primaryimage\"},\"thumbnailUrl\":\"https:\\\/\\\/soapboxorators.org\\\/news\\\/wp-content\\\/uploads\\\/2025\\\/09\\\/covmilB_20250920.jpg\",\"keywords\":[\"Argentine\"],\"articleSection\":[\"Caisse \u00e0 Savon \\\/ Soapbox\",\"\u00c9dito du Jour\"],\"inLanguage\":\"es-AR\"},{\"@type\":\"WebPage\",\"@id\":\"https:\\\/\\\/soapboxorators.org\\\/news\\\/2025\\\/09\\\/20\\\/lia-sabote-t-elle-le-gouvernement-tapageur-de-milei\\\/\",\"url\":\"https:\\\/\\\/soapboxorators.org\\\/news\\\/2025\\\/09\\\/20\\\/lia-sabote-t-elle-le-gouvernement-tapageur-de-milei\\\/\",\"name\":\"\ud83c\uddeb\ud83c\uddf7 L\u2019IA\u2026 sabote-t-elle le gouvernement tapageur de Milei ? - SoapBoxOrators.org\",\"isPartOf\":{\"@id\":\"https:\\\/\\\/soapboxorators.org\\\/news\\\/#website\"},\"primaryImageOfPage\":{\"@id\":\"https:\\\/\\\/soapboxorators.org\\\/news\\\/2025\\\/09\\\/20\\\/lia-sabote-t-elle-le-gouvernement-tapageur-de-milei\\\/#primaryimage\"},\"image\":{\"@id\":\"https:\\\/\\\/soapboxorators.org\\\/news\\\/2025\\\/09\\\/20\\\/lia-sabote-t-elle-le-gouvernement-tapageur-de-milei\\\/#primaryimage\"},\"thumbnailUrl\":\"https:\\\/\\\/soapboxorators.org\\\/news\\\/wp-content\\\/uploads\\\/2025\\\/09\\\/covmilB_20250920.jpg\",\"datePublished\":\"2025-09-20T08:39:07+00:00\",\"dateModified\":\"2025-09-27T20:23:59+00:00\",\"breadcrumb\":{\"@id\":\"https:\\\/\\\/soapboxorators.org\\\/news\\\/2025\\\/09\\\/20\\\/lia-sabote-t-elle-le-gouvernement-tapageur-de-milei\\\/#breadcrumb\"},\"inLanguage\":\"es-AR\",\"potentialAction\":[{\"@type\":\"ReadAction\",\"target\":[\"https:\\\/\\\/soapboxorators.org\\\/news\\\/2025\\\/09\\\/20\\\/lia-sabote-t-elle-le-gouvernement-tapageur-de-milei\\\/\"]}]},{\"@type\":\"ImageObject\",\"inLanguage\":\"es-AR\",\"@id\":\"https:\\\/\\\/soapboxorators.org\\\/news\\\/2025\\\/09\\\/20\\\/lia-sabote-t-elle-le-gouvernement-tapageur-de-milei\\\/#primaryimage\",\"url\":\"https:\\\/\\\/soapboxorators.org\\\/news\\\/wp-content\\\/uploads\\\/2025\\\/09\\\/covmilB_20250920.jpg\",\"contentUrl\":\"https:\\\/\\\/soapboxorators.org\\\/news\\\/wp-content\\\/uploads\\\/2025\\\/09\\\/covmilB_20250920.jpg\",\"width\":600,\"height\":400},{\"@type\":\"BreadcrumbList\",\"@id\":\"https:\\\/\\\/soapboxorators.org\\\/news\\\/2025\\\/09\\\/20\\\/lia-sabote-t-elle-le-gouvernement-tapageur-de-milei\\\/#breadcrumb\",\"itemListElement\":[{\"@type\":\"ListItem\",\"position\":1,\"name\":\"Inicio\",\"item\":\"https:\\\/\\\/soapboxorators.org\\\/news\\\/\"},{\"@type\":\"ListItem\",\"position\":2,\"name\":\"\ud83c\uddeb\ud83c\uddf7 L\u2019IA\u2026 sabote-t-elle le gouvernement tapageur de Milei ?\"}]},{\"@type\":\"WebSite\",\"@id\":\"https:\\\/\\\/soapboxorators.org\\\/news\\\/#website\",\"url\":\"https:\\\/\\\/soapboxorators.org\\\/news\\\/\",\"name\":\"SoapBoxOrators.org\",\"description\":\"Plataforma de Oradores - Piattaforma di Oratori-  \u6f14\u8bb2\u8005\u5e73\u53f0 - \u0645\u0646\u0635\u0629 \u0627\u0644\u0645\u062a\u062d\u062f\u062b\u064a\u0646 - \u09ac\u0995\u09cd\u09a4\u09be\u09a6\u09c7\u09b0 \u09aa\u09cd\u09b2\u09cd\u09af\u09be\u099f\u09ab\u09b0\u09cd\u09ae\",\"publisher\":{\"@id\":\"https:\\\/\\\/soapboxorators.org\\\/news\\\/#organization\"},\"potentialAction\":[{\"@type\":\"SearchAction\",\"target\":{\"@type\":\"EntryPoint\",\"urlTemplate\":\"https:\\\/\\\/soapboxorators.org\\\/news\\\/?s={search_term_string}\"},\"query-input\":{\"@type\":\"PropertyValueSpecification\",\"valueRequired\":true,\"valueName\":\"search_term_string\"}}],\"inLanguage\":\"es-AR\"},{\"@type\":\"Organization\",\"@id\":\"https:\\\/\\\/soapboxorators.org\\\/news\\\/#organization\",\"name\":\"Guzzo Photos & Graphic Publications\",\"url\":\"https:\\\/\\\/soapboxorators.org\\\/news\\\/\",\"logo\":{\"@type\":\"ImageObject\",\"inLanguage\":\"es-AR\",\"@id\":\"https:\\\/\\\/soapboxorators.org\\\/news\\\/#\\\/schema\\\/logo\\\/image\\\/\",\"url\":\"https:\\\/\\\/soapboxorators.org\\\/news\\\/wp-content\\\/uploads\\\/2025\\\/08\\\/soapboxorators_520.png\",\"contentUrl\":\"https:\\\/\\\/soapboxorators.org\\\/news\\\/wp-content\\\/uploads\\\/2025\\\/08\\\/soapboxorators_520.png\",\"width\":520,\"height\":50,\"caption\":\"Guzzo Photos & Graphic Publications\"},\"image\":{\"@id\":\"https:\\\/\\\/soapboxorators.org\\\/news\\\/#\\\/schema\\\/logo\\\/image\\\/\"}},{\"@type\":\"Person\",\"@id\":\"https:\\\/\\\/soapboxorators.org\\\/news\\\/#\\\/schema\\\/person\\\/dd18d90f0832c0321ab186330369af0b\",\"name\":\"The Tailor of Words\",\"sameAs\":[\"http:\\\/\\\/soapboxorators.org\"],\"url\":\"https:\\\/\\\/soapboxorators.org\\\/news\\\/author\\\/the-tailor-of-words\\\/\"}]}<\/script>\n<!-- \/ Yoast SEO plugin. -->","yoast_head_json":{"title":"\ud83c\uddeb\ud83c\uddf7 L\u2019IA\u2026 sabote-t-elle le gouvernement tapageur de Milei ? - SoapBoxOrators.org","robots":{"index":"noindex","follow":"follow","max-snippet":"max-snippet:-1","max-image-preview":"max-image-preview:large","max-video-preview":"max-video-preview:-1"},"og_locale":"es_ES","og_type":"article","og_title":"\ud83c\uddeb\ud83c\uddf7 L\u2019IA\u2026 sabote-t-elle le gouvernement tapageur de Milei ? - SoapBoxOrators.org","og_description":"\ud83e\udd16 Milei \u00e0 C\u00f3rdoba : \u201cLe complot contre moi, c\u2019est l\u2019IA !\u201d \ud83d\udc49 Opposition apeur\u00e9e, Cristina au bracelet \u00e9lectronique et journalistes de potins. Ironie : le libertarien du big data accuse les puces de le saboter.","og_url":"https:\/\/soapboxorators.org\/news\/2025\/09\/20\/lia-sabote-t-elle-le-gouvernement-tapageur-de-milei\/","og_site_name":"SoapBoxOrators.org","article_published_time":"2025-09-20T08:39:07+00:00","article_modified_time":"2025-09-27T20:23:59+00:00","og_image":[{"width":600,"height":400,"url":"https:\/\/soapboxorators.org\/news\/wp-content\/uploads\/2025\/09\/covmilB_20250920.jpg","type":"image\/jpeg"}],"author":"The Tailor of Words","twitter_card":"summary_large_image","twitter_misc":{"Escrito por":"The Tailor of Words","Tiempo de lectura":"2 minutos"},"schema":{"@context":"https:\/\/schema.org","@graph":[{"@type":"Article","@id":"https:\/\/soapboxorators.org\/news\/2025\/09\/20\/lia-sabote-t-elle-le-gouvernement-tapageur-de-milei\/#article","isPartOf":{"@id":"https:\/\/soapboxorators.org\/news\/2025\/09\/20\/lia-sabote-t-elle-le-gouvernement-tapageur-de-milei\/"},"author":{"name":"The Tailor of Words","@id":"https:\/\/soapboxorators.org\/news\/#\/schema\/person\/dd18d90f0832c0321ab186330369af0b"},"headline":"\ud83c\uddeb\ud83c\uddf7 L\u2019IA\u2026 sabote-t-elle le gouvernement tapageur de Milei ?","datePublished":"2025-09-20T08:39:07+00:00","dateModified":"2025-09-27T20:23:59+00:00","mainEntityOfPage":{"@id":"https:\/\/soapboxorators.org\/news\/2025\/09\/20\/lia-sabote-t-elle-le-gouvernement-tapageur-de-milei\/"},"wordCount":280,"publisher":{"@id":"https:\/\/soapboxorators.org\/news\/#organization"},"image":{"@id":"https:\/\/soapboxorators.org\/news\/2025\/09\/20\/lia-sabote-t-elle-le-gouvernement-tapageur-de-milei\/#primaryimage"},"thumbnailUrl":"https:\/\/soapboxorators.org\/news\/wp-content\/uploads\/2025\/09\/covmilB_20250920.jpg","keywords":["Argentine"],"articleSection":["Caisse \u00e0 Savon \/ Soapbox","\u00c9dito du Jour"],"inLanguage":"es-AR"},{"@type":"WebPage","@id":"https:\/\/soapboxorators.org\/news\/2025\/09\/20\/lia-sabote-t-elle-le-gouvernement-tapageur-de-milei\/","url":"https:\/\/soapboxorators.org\/news\/2025\/09\/20\/lia-sabote-t-elle-le-gouvernement-tapageur-de-milei\/","name":"\ud83c\uddeb\ud83c\uddf7 L\u2019IA\u2026 sabote-t-elle le gouvernement tapageur de Milei ? - SoapBoxOrators.org","isPartOf":{"@id":"https:\/\/soapboxorators.org\/news\/#website"},"primaryImageOfPage":{"@id":"https:\/\/soapboxorators.org\/news\/2025\/09\/20\/lia-sabote-t-elle-le-gouvernement-tapageur-de-milei\/#primaryimage"},"image":{"@id":"https:\/\/soapboxorators.org\/news\/2025\/09\/20\/lia-sabote-t-elle-le-gouvernement-tapageur-de-milei\/#primaryimage"},"thumbnailUrl":"https:\/\/soapboxorators.org\/news\/wp-content\/uploads\/2025\/09\/covmilB_20250920.jpg","datePublished":"2025-09-20T08:39:07+00:00","dateModified":"2025-09-27T20:23:59+00:00","breadcrumb":{"@id":"https:\/\/soapboxorators.org\/news\/2025\/09\/20\/lia-sabote-t-elle-le-gouvernement-tapageur-de-milei\/#breadcrumb"},"inLanguage":"es-AR","potentialAction":[{"@type":"ReadAction","target":["https:\/\/soapboxorators.org\/news\/2025\/09\/20\/lia-sabote-t-elle-le-gouvernement-tapageur-de-milei\/"]}]},{"@type":"ImageObject","inLanguage":"es-AR","@id":"https:\/\/soapboxorators.org\/news\/2025\/09\/20\/lia-sabote-t-elle-le-gouvernement-tapageur-de-milei\/#primaryimage","url":"https:\/\/soapboxorators.org\/news\/wp-content\/uploads\/2025\/09\/covmilB_20250920.jpg","contentUrl":"https:\/\/soapboxorators.org\/news\/wp-content\/uploads\/2025\/09\/covmilB_20250920.jpg","width":600,"height":400},{"@type":"BreadcrumbList","@id":"https:\/\/soapboxorators.org\/news\/2025\/09\/20\/lia-sabote-t-elle-le-gouvernement-tapageur-de-milei\/#breadcrumb","itemListElement":[{"@type":"ListItem","position":1,"name":"Inicio","item":"https:\/\/soapboxorators.org\/news\/"},{"@type":"ListItem","position":2,"name":"\ud83c\uddeb\ud83c\uddf7 L\u2019IA\u2026 sabote-t-elle le gouvernement tapageur de Milei ?"}]},{"@type":"WebSite","@id":"https:\/\/soapboxorators.org\/news\/#website","url":"https:\/\/soapboxorators.org\/news\/","name":"SoapBoxOrators.org","description":"Plataforma de Oradores - Piattaforma di Oratori-  \u6f14\u8bb2\u8005\u5e73\u53f0 - \u0645\u0646\u0635\u0629 \u0627\u0644\u0645\u062a\u062d\u062f\u062b\u064a\u0646 - \u09ac\u0995\u09cd\u09a4\u09be\u09a6\u09c7\u09b0 \u09aa\u09cd\u09b2\u09cd\u09af\u09be\u099f\u09ab\u09b0\u09cd\u09ae","publisher":{"@id":"https:\/\/soapboxorators.org\/news\/#organization"},"potentialAction":[{"@type":"SearchAction","target":{"@type":"EntryPoint","urlTemplate":"https:\/\/soapboxorators.org\/news\/?s={search_term_string}"},"query-input":{"@type":"PropertyValueSpecification","valueRequired":true,"valueName":"search_term_string"}}],"inLanguage":"es-AR"},{"@type":"Organization","@id":"https:\/\/soapboxorators.org\/news\/#organization","name":"Guzzo Photos & Graphic Publications","url":"https:\/\/soapboxorators.org\/news\/","logo":{"@type":"ImageObject","inLanguage":"es-AR","@id":"https:\/\/soapboxorators.org\/news\/#\/schema\/logo\/image\/","url":"https:\/\/soapboxorators.org\/news\/wp-content\/uploads\/2025\/08\/soapboxorators_520.png","contentUrl":"https:\/\/soapboxorators.org\/news\/wp-content\/uploads\/2025\/08\/soapboxorators_520.png","width":520,"height":50,"caption":"Guzzo Photos & Graphic Publications"},"image":{"@id":"https:\/\/soapboxorators.org\/news\/#\/schema\/logo\/image\/"}},{"@type":"Person","@id":"https:\/\/soapboxorators.org\/news\/#\/schema\/person\/dd18d90f0832c0321ab186330369af0b","name":"The Tailor of Words","sameAs":["http:\/\/soapboxorators.org"],"url":"https:\/\/soapboxorators.org\/news\/author\/the-tailor-of-words\/"}]}},"views":208,"_links":{"self":[{"href":"https:\/\/soapboxorators.org\/news\/wp-json\/wp\/v2\/posts\/326","targetHints":{"allow":["GET"]}}],"collection":[{"href":"https:\/\/soapboxorators.org\/news\/wp-json\/wp\/v2\/posts"}],"about":[{"href":"https:\/\/soapboxorators.org\/news\/wp-json\/wp\/v2\/types\/post"}],"author":[{"embeddable":true,"href":"https:\/\/soapboxorators.org\/news\/wp-json\/wp\/v2\/users\/4"}],"replies":[{"embeddable":true,"href":"https:\/\/soapboxorators.org\/news\/wp-json\/wp\/v2\/comments?post=326"}],"version-history":[{"count":0,"href":"https:\/\/soapboxorators.org\/news\/wp-json\/wp\/v2\/posts\/326\/revisions"}],"wp:featuredmedia":[{"embeddable":true,"href":"https:\/\/soapboxorators.org\/news\/wp-json\/wp\/v2\/media\/316"}],"wp:attachment":[{"href":"https:\/\/soapboxorators.org\/news\/wp-json\/wp\/v2\/media?parent=326"}],"wp:term":[{"taxonomy":"category","embeddable":true,"href":"https:\/\/soapboxorators.org\/news\/wp-json\/wp\/v2\/categories?post=326"},{"taxonomy":"post_tag","embeddable":true,"href":"https:\/\/soapboxorators.org\/news\/wp-json\/wp\/v2\/tags?post=326"}],"curies":[{"name":"wp","href":"https:\/\/api.w.org\/{rel}","templated":true}]}}