{"id":279,"date":"2025-09-17T13:11:03","date_gmt":"2025-09-17T16:11:03","guid":{"rendered":"https:\/\/soapboxorators.org\/news\/?p=279"},"modified":"2025-09-17T14:35:44","modified_gmt":"2025-09-17T17:35:44","slug":"dal-2026-le-ambasciate-dovranno-assumere-personale-cinese-a-pechino","status":"publish","type":"post","link":"https:\/\/soapboxorators.org\/news\/2025\/09\/17\/dal-2026-le-ambasciate-dovranno-assumere-personale-cinese-a-pechino\/","title":{"rendered":"\ud83c\uddee\ud83c\uddf9 Dal 2026: le ambasciate dovranno assumere personale cinese a Pechino"},"content":{"rendered":"\n<figure class=\"wp-block-image size-large\"><img loading=\"lazy\" decoding=\"async\" width=\"550\" height=\"367\" src=\"https:\/\/soapboxorators.org\/news\/wp-content\/uploads\/2025\/09\/img_0532.jpg\" alt=\"\" class=\"wp-image-280\" srcset=\"https:\/\/soapboxorators.org\/news\/wp-content\/uploads\/2025\/09\/img_0532.jpg 550w, https:\/\/soapboxorators.org\/news\/wp-content\/uploads\/2025\/09\/img_0532-300x200.jpg 300w\" sizes=\"auto, (max-width: 550px) 100vw, 550px\" \/><\/figure>\n\n\n\n<p class=\"p1\">A Pechino non baster\u00e0 pi\u00f9 saper preparare un buon caff\u00e8 espresso o improvvisare una pizza per ottenere una scrivania in ambasciata. Dal 1\u00ba gennaio 2026, le missioni diplomatiche straniere dovranno assumere personale locale\u2026 ma non chiunque: dipendenti cinesi, reclutati esclusivamente dal Ministero degli Affari Esteri cinese.<\/p>\n\n\n\n<p class=\"p1\">Se l\u2019ambasciata ha bisogno di un autista, di un traduttore o di qualcuno che distingua tra \u201cinflazione\u201d e \u201ciperinflazione\u201d, dovr\u00e0 rivolgersi direttamente a Pechino. Tutti i contratti passeranno da agenzie statali: nemmeno una graffetta entra senza timbro rosso.<\/p>\n\n\n\n<p class=\"p1\">C\u2019\u00e8 chi scherza gi\u00e0: presto i diplomatici avranno bisogno di interpreti per capire gli interpreti. E per le ferie? Si approvano a Pechino. Per gli aumenti, meglio attendere il prossimo piano quinquennale.<\/p>\n\n\n\n<p class=\"p1\">Cos\u00ec, le ambasciate potrebbero diventare i primi consolati al mondo dove l\u2019espresso o la pizza arrivano con istruzioni in mandarino.<\/p>\n\n\n\n<p><\/p>\n\n\n\n<p>\u270d\ufe0f \u00a92025 La voce della strada &#8211; All Rights Reserved<\/p>\n\n\n\n<p><\/p>\n\n\n<hr style=\"\n    border: none;\n    height: 1px;\n    background: linear-gradient(to right, transparent, #ccc, transparent);\n    margin: 0;\n\" \/><\/p>\n<p><strong>Vuoi dire qualcosa?<\/strong><\/p>\n<p>\ud83d\udcec Invia il tuo testo a elcanillita@yahoo.com oppure caricalo nella Speakers&#8217; Box: SoapBoxOrators.org.<\/p>\n<p><!-- \/wp:post-content --><\/p>\n<form action=\"https:\/\/formspree.io\/f\/mjkrjzed\" method=\"POST\">\n  <label for=\"name\">Nome o pseudonimo:<\/label><br \/>\n  <input type=\"text\" id=\"name\" name=\"name\" required><\/p>\n<p>  <label for=\"title\">Titolo dell\u2019intervento\/editoriale:<\/label><br \/>\n  <input type=\"text\" id=\"title\" name=\"title\" required><\/p>\n<p>  <label for=\"message\">Testo (max. 3.000 caratteri):<\/label><br \/>\n  <textarea id=\"message\" name=\"message\" rows=\"10\" maxlength=\"3000\" required><\/textarea><\/p>\n<p>  <label><br \/>\n    <input type=\"checkbox\" name=\"consent\" required><br \/>\n    Autorizzo la pubblicazione di questo testo su SoapboxOrators.org<br \/>\n  <\/label><\/p>\n<p>  <button type=\"submit\">Invia<\/button><br \/>\n  <button type=\"reset\">Cancella modulo<\/button><\/p>\n<\/form>\n<p><!-- wp:paragraph --><\/p>\n<p><!-- \/wp:paragraph --><\/p>\n<p><!-- wp:paragraph --><\/p>\n<p><!-- \/wp:paragraph --><\/p>\n\n<!-- wp:paragraph -->\n<p><\/p>\n<!-- \/wp:paragraph -->\n\n<small>\u00a9 2025 ElCanillita.info \/ SoapBoxOrators.org \u2013 All Rights Reserved \u2013 SalaStampa.eu, world press service &#8211; Guzzo Photos &#038; Graphic Publications \u2013 Registro Editori e Stampatori n. 1441 Turin, Italy <\/small>\n\n<!-- wp:paragraph -->\n<p><\/p>\n<!-- \/wp:paragraph -->","protected":false},"excerpt":{"rendered":"<p>\ud83c\udde8\ud83c\uddf3 Dal 2026 le ambasciate dovranno assumere personale cinese a Pechino.<br \/>\n\ud83d\udc49 L\u2019espresso e la pizza arriveranno\u2026 con istruzioni in mandarino! \ud83d\ude05<br \/>\n#Cina #Diplomazia #Ambasciate<\/p>\n","protected":false},"author":3,"featured_media":281,"comment_status":"closed","ping_status":"","sticky":false,"template":"","format":"standard","meta":{"footnotes":"","_links_to":"","_links_to_target":""},"categories":[28,25,24],"tags":[],"class_list":["post-279","post","type-post","status-publish","format-standard","has-post-thumbnail","hentry","category-cassa-di-sapone-soapbox","category-editoriale-del-giorno","category-tribuna-urbana-it","entry","double"],"yoast_head":"<!-- This site is optimized with the Yoast SEO plugin v27.3 - https:\/\/yoast.com\/product\/yoast-seo-wordpress\/ -->\n<title>\ud83c\uddee\ud83c\uddf9 Dal 2026: le ambasciate dovranno assumere personale cinese a Pechino - SoapBoxOrators.org<\/title>\n<meta name=\"robots\" content=\"noindex, follow, max-snippet:-1, max-image-preview:large, max-video-preview:-1\" \/>\n<meta property=\"og:locale\" content=\"es_ES\" \/>\n<meta property=\"og:type\" content=\"article\" \/>\n<meta property=\"og:title\" content=\"\ud83c\uddee\ud83c\uddf9 Dal 2026: le ambasciate dovranno assumere personale cinese a Pechino - SoapBoxOrators.org\" \/>\n<meta property=\"og:description\" content=\"\ud83c\udde8\ud83c\uddf3 Dal 2026 le ambasciate dovranno assumere personale cinese a Pechino. \ud83d\udc49 L\u2019espresso e la pizza arriveranno\u2026 con istruzioni in mandarino! \ud83d\ude05 #Cina #Diplomazia #Ambasciate\" \/>\n<meta property=\"og:url\" content=\"https:\/\/soapboxorators.org\/news\/2025\/09\/17\/dal-2026-le-ambasciate-dovranno-assumere-personale-cinese-a-pechino\/\" \/>\n<meta property=\"og:site_name\" content=\"SoapBoxOrators.org\" \/>\n<meta property=\"article:published_time\" content=\"2025-09-17T16:11:03+00:00\" \/>\n<meta property=\"article:modified_time\" content=\"2025-09-17T17:35:44+00:00\" \/>\n<meta property=\"og:image\" content=\"https:\/\/soapboxorators.org\/news\/wp-content\/uploads\/2025\/09\/img_0532-1.jpg\" \/>\n\t<meta property=\"og:image:width\" content=\"550\" \/>\n\t<meta property=\"og:image:height\" content=\"367\" \/>\n\t<meta property=\"og:image:type\" content=\"image\/jpeg\" \/>\n<meta name=\"author\" content=\"ElCanillita.info\" \/>\n<meta name=\"twitter:card\" content=\"summary_large_image\" \/>\n<meta name=\"twitter:label1\" content=\"Escrito por\" \/>\n\t<meta name=\"twitter:data1\" content=\"ElCanillita.info\" \/>\n\t<meta name=\"twitter:label2\" content=\"Tiempo de lectura\" \/>\n\t<meta name=\"twitter:data2\" content=\"1 minuto\" \/>\n<script type=\"application\/ld+json\" class=\"yoast-schema-graph\">{\"@context\":\"https:\\\/\\\/schema.org\",\"@graph\":[{\"@type\":\"Article\",\"@id\":\"https:\\\/\\\/soapboxorators.org\\\/news\\\/2025\\\/09\\\/17\\\/dal-2026-le-ambasciate-dovranno-assumere-personale-cinese-a-pechino\\\/#article\",\"isPartOf\":{\"@id\":\"https:\\\/\\\/soapboxorators.org\\\/news\\\/2025\\\/09\\\/17\\\/dal-2026-le-ambasciate-dovranno-assumere-personale-cinese-a-pechino\\\/\"},\"author\":{\"name\":\"ElCanillita.info\",\"@id\":\"https:\\\/\\\/soapboxorators.org\\\/news\\\/#\\\/schema\\\/person\\\/577843385537b0b52be59d7e8de47ffe\"},\"headline\":\"\ud83c\uddee\ud83c\uddf9 Dal 2026: le ambasciate dovranno assumere personale cinese a Pechino\",\"datePublished\":\"2025-09-17T16:11:03+00:00\",\"dateModified\":\"2025-09-17T17:35:44+00:00\",\"mainEntityOfPage\":{\"@id\":\"https:\\\/\\\/soapboxorators.org\\\/news\\\/2025\\\/09\\\/17\\\/dal-2026-le-ambasciate-dovranno-assumere-personale-cinese-a-pechino\\\/\"},\"wordCount\":217,\"publisher\":{\"@id\":\"https:\\\/\\\/soapboxorators.org\\\/news\\\/#organization\"},\"image\":{\"@id\":\"https:\\\/\\\/soapboxorators.org\\\/news\\\/2025\\\/09\\\/17\\\/dal-2026-le-ambasciate-dovranno-assumere-personale-cinese-a-pechino\\\/#primaryimage\"},\"thumbnailUrl\":\"https:\\\/\\\/soapboxorators.org\\\/news\\\/wp-content\\\/uploads\\\/2025\\\/09\\\/img_0532-1.jpg\",\"articleSection\":[\"Cassa di Sapone \\\/ Soapbox\",\"Editoriale del Giorno\",\"Tribuna Urbana\"],\"inLanguage\":\"es-AR\"},{\"@type\":\"WebPage\",\"@id\":\"https:\\\/\\\/soapboxorators.org\\\/news\\\/2025\\\/09\\\/17\\\/dal-2026-le-ambasciate-dovranno-assumere-personale-cinese-a-pechino\\\/\",\"url\":\"https:\\\/\\\/soapboxorators.org\\\/news\\\/2025\\\/09\\\/17\\\/dal-2026-le-ambasciate-dovranno-assumere-personale-cinese-a-pechino\\\/\",\"name\":\"\ud83c\uddee\ud83c\uddf9 Dal 2026: le ambasciate dovranno assumere personale cinese a Pechino - SoapBoxOrators.org\",\"isPartOf\":{\"@id\":\"https:\\\/\\\/soapboxorators.org\\\/news\\\/#website\"},\"primaryImageOfPage\":{\"@id\":\"https:\\\/\\\/soapboxorators.org\\\/news\\\/2025\\\/09\\\/17\\\/dal-2026-le-ambasciate-dovranno-assumere-personale-cinese-a-pechino\\\/#primaryimage\"},\"image\":{\"@id\":\"https:\\\/\\\/soapboxorators.org\\\/news\\\/2025\\\/09\\\/17\\\/dal-2026-le-ambasciate-dovranno-assumere-personale-cinese-a-pechino\\\/#primaryimage\"},\"thumbnailUrl\":\"https:\\\/\\\/soapboxorators.org\\\/news\\\/wp-content\\\/uploads\\\/2025\\\/09\\\/img_0532-1.jpg\",\"datePublished\":\"2025-09-17T16:11:03+00:00\",\"dateModified\":\"2025-09-17T17:35:44+00:00\",\"breadcrumb\":{\"@id\":\"https:\\\/\\\/soapboxorators.org\\\/news\\\/2025\\\/09\\\/17\\\/dal-2026-le-ambasciate-dovranno-assumere-personale-cinese-a-pechino\\\/#breadcrumb\"},\"inLanguage\":\"es-AR\",\"potentialAction\":[{\"@type\":\"ReadAction\",\"target\":[\"https:\\\/\\\/soapboxorators.org\\\/news\\\/2025\\\/09\\\/17\\\/dal-2026-le-ambasciate-dovranno-assumere-personale-cinese-a-pechino\\\/\"]}]},{\"@type\":\"ImageObject\",\"inLanguage\":\"es-AR\",\"@id\":\"https:\\\/\\\/soapboxorators.org\\\/news\\\/2025\\\/09\\\/17\\\/dal-2026-le-ambasciate-dovranno-assumere-personale-cinese-a-pechino\\\/#primaryimage\",\"url\":\"https:\\\/\\\/soapboxorators.org\\\/news\\\/wp-content\\\/uploads\\\/2025\\\/09\\\/img_0532-1.jpg\",\"contentUrl\":\"https:\\\/\\\/soapboxorators.org\\\/news\\\/wp-content\\\/uploads\\\/2025\\\/09\\\/img_0532-1.jpg\",\"width\":550,\"height\":367},{\"@type\":\"BreadcrumbList\",\"@id\":\"https:\\\/\\\/soapboxorators.org\\\/news\\\/2025\\\/09\\\/17\\\/dal-2026-le-ambasciate-dovranno-assumere-personale-cinese-a-pechino\\\/#breadcrumb\",\"itemListElement\":[{\"@type\":\"ListItem\",\"position\":1,\"name\":\"Inicio\",\"item\":\"https:\\\/\\\/soapboxorators.org\\\/news\\\/\"},{\"@type\":\"ListItem\",\"position\":2,\"name\":\"\ud83c\uddee\ud83c\uddf9 Dal 2026: le ambasciate dovranno assumere personale cinese a Pechino\"}]},{\"@type\":\"WebSite\",\"@id\":\"https:\\\/\\\/soapboxorators.org\\\/news\\\/#website\",\"url\":\"https:\\\/\\\/soapboxorators.org\\\/news\\\/\",\"name\":\"SoapBoxOrators.org\",\"description\":\"Plataforma de Oradores - Piattaforma di Oratori-  \u6f14\u8bb2\u8005\u5e73\u53f0 - \u0645\u0646\u0635\u0629 \u0627\u0644\u0645\u062a\u062d\u062f\u062b\u064a\u0646 - \u09ac\u0995\u09cd\u09a4\u09be\u09a6\u09c7\u09b0 \u09aa\u09cd\u09b2\u09cd\u09af\u09be\u099f\u09ab\u09b0\u09cd\u09ae\",\"publisher\":{\"@id\":\"https:\\\/\\\/soapboxorators.org\\\/news\\\/#organization\"},\"potentialAction\":[{\"@type\":\"SearchAction\",\"target\":{\"@type\":\"EntryPoint\",\"urlTemplate\":\"https:\\\/\\\/soapboxorators.org\\\/news\\\/?s={search_term_string}\"},\"query-input\":{\"@type\":\"PropertyValueSpecification\",\"valueRequired\":true,\"valueName\":\"search_term_string\"}}],\"inLanguage\":\"es-AR\"},{\"@type\":\"Organization\",\"@id\":\"https:\\\/\\\/soapboxorators.org\\\/news\\\/#organization\",\"name\":\"Guzzo Photos & Graphic Publications\",\"url\":\"https:\\\/\\\/soapboxorators.org\\\/news\\\/\",\"logo\":{\"@type\":\"ImageObject\",\"inLanguage\":\"es-AR\",\"@id\":\"https:\\\/\\\/soapboxorators.org\\\/news\\\/#\\\/schema\\\/logo\\\/image\\\/\",\"url\":\"https:\\\/\\\/soapboxorators.org\\\/news\\\/wp-content\\\/uploads\\\/2025\\\/08\\\/soapboxorators_520.png\",\"contentUrl\":\"https:\\\/\\\/soapboxorators.org\\\/news\\\/wp-content\\\/uploads\\\/2025\\\/08\\\/soapboxorators_520.png\",\"width\":520,\"height\":50,\"caption\":\"Guzzo Photos & Graphic Publications\"},\"image\":{\"@id\":\"https:\\\/\\\/soapboxorators.org\\\/news\\\/#\\\/schema\\\/logo\\\/image\\\/\"}},{\"@type\":\"Person\",\"@id\":\"https:\\\/\\\/soapboxorators.org\\\/news\\\/#\\\/schema\\\/person\\\/577843385537b0b52be59d7e8de47ffe\",\"name\":\"ElCanillita.info\",\"sameAs\":[\"https:\\\/\\\/elcanillita.info\"],\"url\":\"https:\\\/\\\/soapboxorators.org\\\/news\\\/author\\\/elcanillita-info\\\/\"}]}<\/script>\n<!-- \/ Yoast SEO plugin. -->","yoast_head_json":{"title":"\ud83c\uddee\ud83c\uddf9 Dal 2026: le ambasciate dovranno assumere personale cinese a Pechino - SoapBoxOrators.org","robots":{"index":"noindex","follow":"follow","max-snippet":"max-snippet:-1","max-image-preview":"max-image-preview:large","max-video-preview":"max-video-preview:-1"},"og_locale":"es_ES","og_type":"article","og_title":"\ud83c\uddee\ud83c\uddf9 Dal 2026: le ambasciate dovranno assumere personale cinese a Pechino - SoapBoxOrators.org","og_description":"\ud83c\udde8\ud83c\uddf3 Dal 2026 le ambasciate dovranno assumere personale cinese a Pechino. \ud83d\udc49 L\u2019espresso e la pizza arriveranno\u2026 con istruzioni in mandarino! \ud83d\ude05 #Cina #Diplomazia #Ambasciate","og_url":"https:\/\/soapboxorators.org\/news\/2025\/09\/17\/dal-2026-le-ambasciate-dovranno-assumere-personale-cinese-a-pechino\/","og_site_name":"SoapBoxOrators.org","article_published_time":"2025-09-17T16:11:03+00:00","article_modified_time":"2025-09-17T17:35:44+00:00","og_image":[{"width":550,"height":367,"url":"https:\/\/soapboxorators.org\/news\/wp-content\/uploads\/2025\/09\/img_0532-1.jpg","type":"image\/jpeg"}],"author":"ElCanillita.info","twitter_card":"summary_large_image","twitter_misc":{"Escrito por":"ElCanillita.info","Tiempo de lectura":"1 minuto"},"schema":{"@context":"https:\/\/schema.org","@graph":[{"@type":"Article","@id":"https:\/\/soapboxorators.org\/news\/2025\/09\/17\/dal-2026-le-ambasciate-dovranno-assumere-personale-cinese-a-pechino\/#article","isPartOf":{"@id":"https:\/\/soapboxorators.org\/news\/2025\/09\/17\/dal-2026-le-ambasciate-dovranno-assumere-personale-cinese-a-pechino\/"},"author":{"name":"ElCanillita.info","@id":"https:\/\/soapboxorators.org\/news\/#\/schema\/person\/577843385537b0b52be59d7e8de47ffe"},"headline":"\ud83c\uddee\ud83c\uddf9 Dal 2026: le ambasciate dovranno assumere personale cinese a Pechino","datePublished":"2025-09-17T16:11:03+00:00","dateModified":"2025-09-17T17:35:44+00:00","mainEntityOfPage":{"@id":"https:\/\/soapboxorators.org\/news\/2025\/09\/17\/dal-2026-le-ambasciate-dovranno-assumere-personale-cinese-a-pechino\/"},"wordCount":217,"publisher":{"@id":"https:\/\/soapboxorators.org\/news\/#organization"},"image":{"@id":"https:\/\/soapboxorators.org\/news\/2025\/09\/17\/dal-2026-le-ambasciate-dovranno-assumere-personale-cinese-a-pechino\/#primaryimage"},"thumbnailUrl":"https:\/\/soapboxorators.org\/news\/wp-content\/uploads\/2025\/09\/img_0532-1.jpg","articleSection":["Cassa di Sapone \/ Soapbox","Editoriale del Giorno","Tribuna Urbana"],"inLanguage":"es-AR"},{"@type":"WebPage","@id":"https:\/\/soapboxorators.org\/news\/2025\/09\/17\/dal-2026-le-ambasciate-dovranno-assumere-personale-cinese-a-pechino\/","url":"https:\/\/soapboxorators.org\/news\/2025\/09\/17\/dal-2026-le-ambasciate-dovranno-assumere-personale-cinese-a-pechino\/","name":"\ud83c\uddee\ud83c\uddf9 Dal 2026: le ambasciate dovranno assumere personale cinese a Pechino - SoapBoxOrators.org","isPartOf":{"@id":"https:\/\/soapboxorators.org\/news\/#website"},"primaryImageOfPage":{"@id":"https:\/\/soapboxorators.org\/news\/2025\/09\/17\/dal-2026-le-ambasciate-dovranno-assumere-personale-cinese-a-pechino\/#primaryimage"},"image":{"@id":"https:\/\/soapboxorators.org\/news\/2025\/09\/17\/dal-2026-le-ambasciate-dovranno-assumere-personale-cinese-a-pechino\/#primaryimage"},"thumbnailUrl":"https:\/\/soapboxorators.org\/news\/wp-content\/uploads\/2025\/09\/img_0532-1.jpg","datePublished":"2025-09-17T16:11:03+00:00","dateModified":"2025-09-17T17:35:44+00:00","breadcrumb":{"@id":"https:\/\/soapboxorators.org\/news\/2025\/09\/17\/dal-2026-le-ambasciate-dovranno-assumere-personale-cinese-a-pechino\/#breadcrumb"},"inLanguage":"es-AR","potentialAction":[{"@type":"ReadAction","target":["https:\/\/soapboxorators.org\/news\/2025\/09\/17\/dal-2026-le-ambasciate-dovranno-assumere-personale-cinese-a-pechino\/"]}]},{"@type":"ImageObject","inLanguage":"es-AR","@id":"https:\/\/soapboxorators.org\/news\/2025\/09\/17\/dal-2026-le-ambasciate-dovranno-assumere-personale-cinese-a-pechino\/#primaryimage","url":"https:\/\/soapboxorators.org\/news\/wp-content\/uploads\/2025\/09\/img_0532-1.jpg","contentUrl":"https:\/\/soapboxorators.org\/news\/wp-content\/uploads\/2025\/09\/img_0532-1.jpg","width":550,"height":367},{"@type":"BreadcrumbList","@id":"https:\/\/soapboxorators.org\/news\/2025\/09\/17\/dal-2026-le-ambasciate-dovranno-assumere-personale-cinese-a-pechino\/#breadcrumb","itemListElement":[{"@type":"ListItem","position":1,"name":"Inicio","item":"https:\/\/soapboxorators.org\/news\/"},{"@type":"ListItem","position":2,"name":"\ud83c\uddee\ud83c\uddf9 Dal 2026: le ambasciate dovranno assumere personale cinese a Pechino"}]},{"@type":"WebSite","@id":"https:\/\/soapboxorators.org\/news\/#website","url":"https:\/\/soapboxorators.org\/news\/","name":"SoapBoxOrators.org","description":"Plataforma de Oradores - Piattaforma di Oratori-  \u6f14\u8bb2\u8005\u5e73\u53f0 - \u0645\u0646\u0635\u0629 \u0627\u0644\u0645\u062a\u062d\u062f\u062b\u064a\u0646 - \u09ac\u0995\u09cd\u09a4\u09be\u09a6\u09c7\u09b0 \u09aa\u09cd\u09b2\u09cd\u09af\u09be\u099f\u09ab\u09b0\u09cd\u09ae","publisher":{"@id":"https:\/\/soapboxorators.org\/news\/#organization"},"potentialAction":[{"@type":"SearchAction","target":{"@type":"EntryPoint","urlTemplate":"https:\/\/soapboxorators.org\/news\/?s={search_term_string}"},"query-input":{"@type":"PropertyValueSpecification","valueRequired":true,"valueName":"search_term_string"}}],"inLanguage":"es-AR"},{"@type":"Organization","@id":"https:\/\/soapboxorators.org\/news\/#organization","name":"Guzzo Photos & Graphic Publications","url":"https:\/\/soapboxorators.org\/news\/","logo":{"@type":"ImageObject","inLanguage":"es-AR","@id":"https:\/\/soapboxorators.org\/news\/#\/schema\/logo\/image\/","url":"https:\/\/soapboxorators.org\/news\/wp-content\/uploads\/2025\/08\/soapboxorators_520.png","contentUrl":"https:\/\/soapboxorators.org\/news\/wp-content\/uploads\/2025\/08\/soapboxorators_520.png","width":520,"height":50,"caption":"Guzzo Photos & Graphic Publications"},"image":{"@id":"https:\/\/soapboxorators.org\/news\/#\/schema\/logo\/image\/"}},{"@type":"Person","@id":"https:\/\/soapboxorators.org\/news\/#\/schema\/person\/577843385537b0b52be59d7e8de47ffe","name":"ElCanillita.info","sameAs":["https:\/\/elcanillita.info"],"url":"https:\/\/soapboxorators.org\/news\/author\/elcanillita-info\/"}]}},"views":151,"_links":{"self":[{"href":"https:\/\/soapboxorators.org\/news\/wp-json\/wp\/v2\/posts\/279","targetHints":{"allow":["GET"]}}],"collection":[{"href":"https:\/\/soapboxorators.org\/news\/wp-json\/wp\/v2\/posts"}],"about":[{"href":"https:\/\/soapboxorators.org\/news\/wp-json\/wp\/v2\/types\/post"}],"author":[{"embeddable":true,"href":"https:\/\/soapboxorators.org\/news\/wp-json\/wp\/v2\/users\/3"}],"replies":[{"embeddable":true,"href":"https:\/\/soapboxorators.org\/news\/wp-json\/wp\/v2\/comments?post=279"}],"version-history":[{"count":0,"href":"https:\/\/soapboxorators.org\/news\/wp-json\/wp\/v2\/posts\/279\/revisions"}],"wp:featuredmedia":[{"embeddable":true,"href":"https:\/\/soapboxorators.org\/news\/wp-json\/wp\/v2\/media\/281"}],"wp:attachment":[{"href":"https:\/\/soapboxorators.org\/news\/wp-json\/wp\/v2\/media?parent=279"}],"wp:term":[{"taxonomy":"category","embeddable":true,"href":"https:\/\/soapboxorators.org\/news\/wp-json\/wp\/v2\/categories?post=279"},{"taxonomy":"post_tag","embeddable":true,"href":"https:\/\/soapboxorators.org\/news\/wp-json\/wp\/v2\/tags?post=279"}],"curies":[{"name":"wp","href":"https:\/\/api.w.org\/{rel}","templated":true}]}}