{"id":257,"date":"2025-09-12T16:46:44","date_gmt":"2025-09-12T19:46:44","guid":{"rendered":"https:\/\/soapboxorators.org\/news\/?p=257"},"modified":"2025-09-13T01:22:02","modified_gmt":"2025-09-13T04:22:02","slug":"cold-case-sudafricano","status":"publish","type":"post","link":"https:\/\/soapboxorators.org\/news\/2025\/09\/12\/cold-case-sudafricano\/","title":{"rendered":"\ud83d\udd4a\ufe0f Cold Case Sudafricano"},"content":{"rendered":"\n<figure class=\"wp-block-image size-full\"><img loading=\"lazy\" decoding=\"async\" width=\"550\" height=\"309\" src=\"https:\/\/soapboxorators.org\/news\/wp-content\/uploads\/2025\/09\/biko.jpg\" alt=\"\" class=\"wp-image-258\" srcset=\"https:\/\/soapboxorators.org\/news\/wp-content\/uploads\/2025\/09\/biko.jpg 550w, https:\/\/soapboxorators.org\/news\/wp-content\/uploads\/2025\/09\/biko-300x169.jpg 300w\" sizes=\"auto, (max-width: 550px) 100vw, 550px\" \/><\/figure>\n\n\n\n<h2 class=\"wp-block-heading\"><br><strong>Se reabre la investigaci\u00f3n sobre el asesinato de Steve Biko<\/strong><\/h2>\n\n\n\n<p>Los fiscales sudafricanos decidieron sacudir el polvo de uno de los expedientes m\u00e1s emblem\u00e1ticos de la lucha contra el apartheid: el caso Steve Biko. Y lo har\u00e1n con timing simb\u00f3lico: el 48\u00ba aniversario de su muerte, ese 12 de septiembre de 1977 que convirti\u00f3 su nombre en bandera planetaria contra la segregaci\u00f3n racial.<\/p>\n\n\n\n<p>Biko, fundador del Movimiento de Conciencia Negra, fue arrestado el 18 de agosto de aquel a\u00f1o por \u201cviolar\u201d restricciones absurdas a su movimiento. Encerrado en una comisar\u00eda de Port Elizabeth, fue mantenido desnudo, encadenado y sometido a brutales sesiones de tortura. El desenlace es conocido: un traslado en condiciones inhumanas a Pretoria, un hospital penitenciario a 1.200 km de distancia, y la muerte al d\u00eda siguiente por una lesi\u00f3n cerebral masiva.<\/p>\n\n\n\n<p>En su momento, la polic\u00eda habl\u00f3 de un \u201cgolpe accidental contra una pared\u201d. D\u00e9cadas m\u00e1s tarde, ante la Comisi\u00f3n de Verdad y Reconciliaci\u00f3n, algunos oficiales improvisaron otra versi\u00f3n: que Biko atac\u00f3 con una silla a un agente y se autolesion\u00f3 en la refriega. La realidad, seg\u00fan coinciden testigos y m\u00e9dicos, fue otra: torturas reiteradas y una paliza final que apag\u00f3 a los 30 a\u00f1os la voz m\u00e1s potente de una generaci\u00f3n.<\/p>\n\n\n\n<h3 class=\"wp-block-heading\">Justicia tard\u00eda, \u00bfpero justa?<\/h3>\n\n\n\n<p>La Fiscal\u00eda Nacional (NPA) asegura que el objetivo no es s\u00f3lo formal: \u201cpresentar pruebas ante el tribunal que permitan concluir si la muerte fue causada por un acto u omisi\u00f3n que constituya delito\u201d. El eco de esas palabras llega en un contexto donde crecen las cr\u00edticas \u2014tambi\u00e9n del propio presidente Cyril Ramaphosa\u2014 de que demasiados cr\u00edmenes del apartheid siguen sin investigarse.<\/p>\n\n\n\n<p>La reapertura del caso Biko se suma a pesquisas recientes sobre muertes sospechosas como la del Nobel Albert Luthuli en 1967 o los asesinatos de los Cradock Four en 1985. Es un intento de sanar heridas, pero tambi\u00e9n de enviar un mensaje pol\u00edtico: que las atrocidades del pasado no quedar\u00e1n selladas en carpetas amarillentas.<br><\/p>\n\n\n<div class=\"wp-block-image\">\n<figure class=\"alignleft size-full is-resized\"><img loading=\"lazy\" decoding=\"async\" width=\"450\" height=\"508\" src=\"https:\/\/soapboxorators.org\/news\/wp-content\/uploads\/2025\/09\/SteveBiko_DaanWildschut.jpg\" alt=\"\" class=\"wp-image-263\" style=\"width:354px;height:auto\" srcset=\"https:\/\/soapboxorators.org\/news\/wp-content\/uploads\/2025\/09\/SteveBiko_DaanWildschut.jpg 450w, https:\/\/soapboxorators.org\/news\/wp-content\/uploads\/2025\/09\/SteveBiko_DaanWildschut-266x300.jpg 266w\" sizes=\"auto, (max-width: 450px) 100vw, 450px\" \/><figcaption class=\"wp-element-caption\">Steve Biko. Vitral de Daan Wildschut en la Iglesia de Santa Ana, Heerlen (Pa\u00edses Bajos)<\/figcaption><\/figure>\n<\/div>\n\n\n<h3 class=\"wp-block-heading\">Legado inmortal<\/h3>\n\n\n\n<p>La figura de Steve Biko trasciende tribunales. Fue inspiraci\u00f3n de canciones \u2014el c\u00e9lebre <em>Biko<\/em> de Peter Gabriel\u2014, pel\u00edculas (<em>Grita libertad<\/em>, con Denzel Washington) y discursos. Nelson Mandela lo defini\u00f3 como \u201cla chispa que encendi\u00f3 un fuego de sabana en toda Sud\u00e1frica\u201d.<\/p>\n\n\n\n<p>Hoy, casi medio siglo despu\u00e9s, Sud\u00e1frica vuelve a pronunciar su nombre en voz alta. Y el mundo escucha.<br><br>\u270d\ufe0f <small>\u00a92025 El Interprete del C\u00f3digo Silencioso &#8211; All Rights Reserved<\/small><br><small>\u00a9 2025 ElCanillita.info \/ SoapboxOrators.org &#8211; All Rights Reserved &#8211; SalaStampa.eu, world press service &#8211; Guzzo Photos &amp; Graphic Publications \u2013 Registro Editori e Stampatori n. 1441 Turin, Italy<\/small><\/p>\n","protected":false},"excerpt":{"rendered":"<p>Sud\u00e1frica reabre el Cold Case Steve Biko en el 48\u00ba aniversario de su muerte. El activista antiapartheid, torturado y asesinado en 1977, vuelve a los tribunales como s\u00edmbolo de justicia pendiente. \u270a\ud83c\udfff\ud83d\udd25<\/p>\n","protected":false},"author":3,"featured_media":258,"comment_status":"closed","ping_status":"closed","sticky":false,"template":"","format":"standard","meta":{"footnotes":"","_links_to":"","_links_to_target":""},"categories":[6,9],"tags":[40],"class_list":["post-257","post","type-post","status-publish","format-standard","has-post-thumbnail","hentry","category-actualidad-editorial","category-oradores-de-plataforma-soapbox","tag-sudafrica","entry","double"],"yoast_head":"<!-- This site is optimized with the Yoast SEO plugin v27.3 - https:\/\/yoast.com\/product\/yoast-seo-wordpress\/ -->\n<title>\ud83d\udd4a\ufe0f Cold Case Sudafricano - SoapBoxOrators.org<\/title>\n<meta name=\"robots\" content=\"noindex, follow, max-snippet:-1, max-image-preview:large, max-video-preview:-1\" \/>\n<meta property=\"og:locale\" content=\"es_ES\" \/>\n<meta property=\"og:type\" content=\"article\" \/>\n<meta property=\"og:title\" content=\"\ud83d\udd4a\ufe0f Cold Case Sudafricano - SoapBoxOrators.org\" \/>\n<meta property=\"og:description\" content=\"Sud\u00e1frica reabre el Cold Case Steve Biko en el 48\u00ba aniversario de su muerte. El activista antiapartheid, torturado y asesinado en 1977, vuelve a los tribunales como s\u00edmbolo de justicia pendiente. \u270a\ud83c\udfff\ud83d\udd25\" \/>\n<meta property=\"og:url\" content=\"https:\/\/soapboxorators.org\/news\/2025\/09\/12\/cold-case-sudafricano\/\" \/>\n<meta property=\"og:site_name\" content=\"SoapBoxOrators.org\" \/>\n<meta property=\"article:published_time\" content=\"2025-09-12T19:46:44+00:00\" \/>\n<meta property=\"article:modified_time\" content=\"2025-09-13T04:22:02+00:00\" \/>\n<meta property=\"og:image\" content=\"https:\/\/soapboxorators.org\/news\/wp-content\/uploads\/2025\/09\/biko.jpg\" \/>\n\t<meta property=\"og:image:width\" content=\"550\" \/>\n\t<meta property=\"og:image:height\" content=\"309\" \/>\n\t<meta property=\"og:image:type\" content=\"image\/jpeg\" \/>\n<meta name=\"author\" content=\"ElCanillita.info\" \/>\n<meta name=\"twitter:card\" content=\"summary_large_image\" \/>\n<meta name=\"twitter:label1\" content=\"Escrito por\" \/>\n\t<meta name=\"twitter:data1\" content=\"ElCanillita.info\" \/>\n\t<meta name=\"twitter:label2\" content=\"Tiempo de lectura\" \/>\n\t<meta name=\"twitter:data2\" content=\"3 minutos\" \/>\n<script type=\"application\/ld+json\" class=\"yoast-schema-graph\">{\"@context\":\"https:\\\/\\\/schema.org\",\"@graph\":[{\"@type\":\"Article\",\"@id\":\"https:\\\/\\\/soapboxorators.org\\\/news\\\/2025\\\/09\\\/12\\\/cold-case-sudafricano\\\/#article\",\"isPartOf\":{\"@id\":\"https:\\\/\\\/soapboxorators.org\\\/news\\\/2025\\\/09\\\/12\\\/cold-case-sudafricano\\\/\"},\"author\":{\"name\":\"ElCanillita.info\",\"@id\":\"https:\\\/\\\/soapboxorators.org\\\/news\\\/#\\\/schema\\\/person\\\/577843385537b0b52be59d7e8de47ffe\"},\"headline\":\"\ud83d\udd4a\ufe0f Cold Case Sudafricano\",\"datePublished\":\"2025-09-12T19:46:44+00:00\",\"dateModified\":\"2025-09-13T04:22:02+00:00\",\"mainEntityOfPage\":{\"@id\":\"https:\\\/\\\/soapboxorators.org\\\/news\\\/2025\\\/09\\\/12\\\/cold-case-sudafricano\\\/\"},\"wordCount\":470,\"publisher\":{\"@id\":\"https:\\\/\\\/soapboxorators.org\\\/news\\\/#organization\"},\"image\":{\"@id\":\"https:\\\/\\\/soapboxorators.org\\\/news\\\/2025\\\/09\\\/12\\\/cold-case-sudafricano\\\/#primaryimage\"},\"thumbnailUrl\":\"https:\\\/\\\/soapboxorators.org\\\/news\\\/wp-content\\\/uploads\\\/2025\\\/09\\\/biko.jpg\",\"keywords\":[\"Sudafrica\"],\"articleSection\":[\"Actualidad Editorial\",\"Oradores de Plataforma \\\/ SoapBox\"],\"inLanguage\":\"es-AR\"},{\"@type\":\"WebPage\",\"@id\":\"https:\\\/\\\/soapboxorators.org\\\/news\\\/2025\\\/09\\\/12\\\/cold-case-sudafricano\\\/\",\"url\":\"https:\\\/\\\/soapboxorators.org\\\/news\\\/2025\\\/09\\\/12\\\/cold-case-sudafricano\\\/\",\"name\":\"\ud83d\udd4a\ufe0f Cold Case Sudafricano - SoapBoxOrators.org\",\"isPartOf\":{\"@id\":\"https:\\\/\\\/soapboxorators.org\\\/news\\\/#website\"},\"primaryImageOfPage\":{\"@id\":\"https:\\\/\\\/soapboxorators.org\\\/news\\\/2025\\\/09\\\/12\\\/cold-case-sudafricano\\\/#primaryimage\"},\"image\":{\"@id\":\"https:\\\/\\\/soapboxorators.org\\\/news\\\/2025\\\/09\\\/12\\\/cold-case-sudafricano\\\/#primaryimage\"},\"thumbnailUrl\":\"https:\\\/\\\/soapboxorators.org\\\/news\\\/wp-content\\\/uploads\\\/2025\\\/09\\\/biko.jpg\",\"datePublished\":\"2025-09-12T19:46:44+00:00\",\"dateModified\":\"2025-09-13T04:22:02+00:00\",\"breadcrumb\":{\"@id\":\"https:\\\/\\\/soapboxorators.org\\\/news\\\/2025\\\/09\\\/12\\\/cold-case-sudafricano\\\/#breadcrumb\"},\"inLanguage\":\"es-AR\",\"potentialAction\":[{\"@type\":\"ReadAction\",\"target\":[\"https:\\\/\\\/soapboxorators.org\\\/news\\\/2025\\\/09\\\/12\\\/cold-case-sudafricano\\\/\"]}]},{\"@type\":\"ImageObject\",\"inLanguage\":\"es-AR\",\"@id\":\"https:\\\/\\\/soapboxorators.org\\\/news\\\/2025\\\/09\\\/12\\\/cold-case-sudafricano\\\/#primaryimage\",\"url\":\"https:\\\/\\\/soapboxorators.org\\\/news\\\/wp-content\\\/uploads\\\/2025\\\/09\\\/biko.jpg\",\"contentUrl\":\"https:\\\/\\\/soapboxorators.org\\\/news\\\/wp-content\\\/uploads\\\/2025\\\/09\\\/biko.jpg\",\"width\":550,\"height\":309},{\"@type\":\"BreadcrumbList\",\"@id\":\"https:\\\/\\\/soapboxorators.org\\\/news\\\/2025\\\/09\\\/12\\\/cold-case-sudafricano\\\/#breadcrumb\",\"itemListElement\":[{\"@type\":\"ListItem\",\"position\":1,\"name\":\"Inicio\",\"item\":\"https:\\\/\\\/soapboxorators.org\\\/news\\\/\"},{\"@type\":\"ListItem\",\"position\":2,\"name\":\"\ud83d\udd4a\ufe0f Cold Case Sudafricano\"}]},{\"@type\":\"WebSite\",\"@id\":\"https:\\\/\\\/soapboxorators.org\\\/news\\\/#website\",\"url\":\"https:\\\/\\\/soapboxorators.org\\\/news\\\/\",\"name\":\"SoapBoxOrators.org\",\"description\":\"Plataforma de Oradores - Piattaforma di Oratori-  \u6f14\u8bb2\u8005\u5e73\u53f0 - \u0645\u0646\u0635\u0629 \u0627\u0644\u0645\u062a\u062d\u062f\u062b\u064a\u0646 - \u09ac\u0995\u09cd\u09a4\u09be\u09a6\u09c7\u09b0 \u09aa\u09cd\u09b2\u09cd\u09af\u09be\u099f\u09ab\u09b0\u09cd\u09ae\",\"publisher\":{\"@id\":\"https:\\\/\\\/soapboxorators.org\\\/news\\\/#organization\"},\"potentialAction\":[{\"@type\":\"SearchAction\",\"target\":{\"@type\":\"EntryPoint\",\"urlTemplate\":\"https:\\\/\\\/soapboxorators.org\\\/news\\\/?s={search_term_string}\"},\"query-input\":{\"@type\":\"PropertyValueSpecification\",\"valueRequired\":true,\"valueName\":\"search_term_string\"}}],\"inLanguage\":\"es-AR\"},{\"@type\":\"Organization\",\"@id\":\"https:\\\/\\\/soapboxorators.org\\\/news\\\/#organization\",\"name\":\"Guzzo Photos & Graphic Publications\",\"url\":\"https:\\\/\\\/soapboxorators.org\\\/news\\\/\",\"logo\":{\"@type\":\"ImageObject\",\"inLanguage\":\"es-AR\",\"@id\":\"https:\\\/\\\/soapboxorators.org\\\/news\\\/#\\\/schema\\\/logo\\\/image\\\/\",\"url\":\"https:\\\/\\\/soapboxorators.org\\\/news\\\/wp-content\\\/uploads\\\/2025\\\/08\\\/soapboxorators_520.png\",\"contentUrl\":\"https:\\\/\\\/soapboxorators.org\\\/news\\\/wp-content\\\/uploads\\\/2025\\\/08\\\/soapboxorators_520.png\",\"width\":520,\"height\":50,\"caption\":\"Guzzo Photos & Graphic Publications\"},\"image\":{\"@id\":\"https:\\\/\\\/soapboxorators.org\\\/news\\\/#\\\/schema\\\/logo\\\/image\\\/\"}},{\"@type\":\"Person\",\"@id\":\"https:\\\/\\\/soapboxorators.org\\\/news\\\/#\\\/schema\\\/person\\\/577843385537b0b52be59d7e8de47ffe\",\"name\":\"ElCanillita.info\",\"sameAs\":[\"https:\\\/\\\/elcanillita.info\"],\"url\":\"https:\\\/\\\/soapboxorators.org\\\/news\\\/author\\\/elcanillita-info\\\/\"}]}<\/script>\n<!-- \/ Yoast SEO plugin. -->","yoast_head_json":{"title":"\ud83d\udd4a\ufe0f Cold Case Sudafricano - SoapBoxOrators.org","robots":{"index":"noindex","follow":"follow","max-snippet":"max-snippet:-1","max-image-preview":"max-image-preview:large","max-video-preview":"max-video-preview:-1"},"og_locale":"es_ES","og_type":"article","og_title":"\ud83d\udd4a\ufe0f Cold Case Sudafricano - SoapBoxOrators.org","og_description":"Sud\u00e1frica reabre el Cold Case Steve Biko en el 48\u00ba aniversario de su muerte. El activista antiapartheid, torturado y asesinado en 1977, vuelve a los tribunales como s\u00edmbolo de justicia pendiente. \u270a\ud83c\udfff\ud83d\udd25","og_url":"https:\/\/soapboxorators.org\/news\/2025\/09\/12\/cold-case-sudafricano\/","og_site_name":"SoapBoxOrators.org","article_published_time":"2025-09-12T19:46:44+00:00","article_modified_time":"2025-09-13T04:22:02+00:00","og_image":[{"width":550,"height":309,"url":"https:\/\/soapboxorators.org\/news\/wp-content\/uploads\/2025\/09\/biko.jpg","type":"image\/jpeg"}],"author":"ElCanillita.info","twitter_card":"summary_large_image","twitter_misc":{"Escrito por":"ElCanillita.info","Tiempo de lectura":"3 minutos"},"schema":{"@context":"https:\/\/schema.org","@graph":[{"@type":"Article","@id":"https:\/\/soapboxorators.org\/news\/2025\/09\/12\/cold-case-sudafricano\/#article","isPartOf":{"@id":"https:\/\/soapboxorators.org\/news\/2025\/09\/12\/cold-case-sudafricano\/"},"author":{"name":"ElCanillita.info","@id":"https:\/\/soapboxorators.org\/news\/#\/schema\/person\/577843385537b0b52be59d7e8de47ffe"},"headline":"\ud83d\udd4a\ufe0f Cold Case Sudafricano","datePublished":"2025-09-12T19:46:44+00:00","dateModified":"2025-09-13T04:22:02+00:00","mainEntityOfPage":{"@id":"https:\/\/soapboxorators.org\/news\/2025\/09\/12\/cold-case-sudafricano\/"},"wordCount":470,"publisher":{"@id":"https:\/\/soapboxorators.org\/news\/#organization"},"image":{"@id":"https:\/\/soapboxorators.org\/news\/2025\/09\/12\/cold-case-sudafricano\/#primaryimage"},"thumbnailUrl":"https:\/\/soapboxorators.org\/news\/wp-content\/uploads\/2025\/09\/biko.jpg","keywords":["Sudafrica"],"articleSection":["Actualidad Editorial","Oradores de Plataforma \/ SoapBox"],"inLanguage":"es-AR"},{"@type":"WebPage","@id":"https:\/\/soapboxorators.org\/news\/2025\/09\/12\/cold-case-sudafricano\/","url":"https:\/\/soapboxorators.org\/news\/2025\/09\/12\/cold-case-sudafricano\/","name":"\ud83d\udd4a\ufe0f Cold Case Sudafricano - SoapBoxOrators.org","isPartOf":{"@id":"https:\/\/soapboxorators.org\/news\/#website"},"primaryImageOfPage":{"@id":"https:\/\/soapboxorators.org\/news\/2025\/09\/12\/cold-case-sudafricano\/#primaryimage"},"image":{"@id":"https:\/\/soapboxorators.org\/news\/2025\/09\/12\/cold-case-sudafricano\/#primaryimage"},"thumbnailUrl":"https:\/\/soapboxorators.org\/news\/wp-content\/uploads\/2025\/09\/biko.jpg","datePublished":"2025-09-12T19:46:44+00:00","dateModified":"2025-09-13T04:22:02+00:00","breadcrumb":{"@id":"https:\/\/soapboxorators.org\/news\/2025\/09\/12\/cold-case-sudafricano\/#breadcrumb"},"inLanguage":"es-AR","potentialAction":[{"@type":"ReadAction","target":["https:\/\/soapboxorators.org\/news\/2025\/09\/12\/cold-case-sudafricano\/"]}]},{"@type":"ImageObject","inLanguage":"es-AR","@id":"https:\/\/soapboxorators.org\/news\/2025\/09\/12\/cold-case-sudafricano\/#primaryimage","url":"https:\/\/soapboxorators.org\/news\/wp-content\/uploads\/2025\/09\/biko.jpg","contentUrl":"https:\/\/soapboxorators.org\/news\/wp-content\/uploads\/2025\/09\/biko.jpg","width":550,"height":309},{"@type":"BreadcrumbList","@id":"https:\/\/soapboxorators.org\/news\/2025\/09\/12\/cold-case-sudafricano\/#breadcrumb","itemListElement":[{"@type":"ListItem","position":1,"name":"Inicio","item":"https:\/\/soapboxorators.org\/news\/"},{"@type":"ListItem","position":2,"name":"\ud83d\udd4a\ufe0f Cold Case Sudafricano"}]},{"@type":"WebSite","@id":"https:\/\/soapboxorators.org\/news\/#website","url":"https:\/\/soapboxorators.org\/news\/","name":"SoapBoxOrators.org","description":"Plataforma de Oradores - Piattaforma di Oratori-  \u6f14\u8bb2\u8005\u5e73\u53f0 - \u0645\u0646\u0635\u0629 \u0627\u0644\u0645\u062a\u062d\u062f\u062b\u064a\u0646 - \u09ac\u0995\u09cd\u09a4\u09be\u09a6\u09c7\u09b0 \u09aa\u09cd\u09b2\u09cd\u09af\u09be\u099f\u09ab\u09b0\u09cd\u09ae","publisher":{"@id":"https:\/\/soapboxorators.org\/news\/#organization"},"potentialAction":[{"@type":"SearchAction","target":{"@type":"EntryPoint","urlTemplate":"https:\/\/soapboxorators.org\/news\/?s={search_term_string}"},"query-input":{"@type":"PropertyValueSpecification","valueRequired":true,"valueName":"search_term_string"}}],"inLanguage":"es-AR"},{"@type":"Organization","@id":"https:\/\/soapboxorators.org\/news\/#organization","name":"Guzzo Photos & Graphic Publications","url":"https:\/\/soapboxorators.org\/news\/","logo":{"@type":"ImageObject","inLanguage":"es-AR","@id":"https:\/\/soapboxorators.org\/news\/#\/schema\/logo\/image\/","url":"https:\/\/soapboxorators.org\/news\/wp-content\/uploads\/2025\/08\/soapboxorators_520.png","contentUrl":"https:\/\/soapboxorators.org\/news\/wp-content\/uploads\/2025\/08\/soapboxorators_520.png","width":520,"height":50,"caption":"Guzzo Photos & Graphic Publications"},"image":{"@id":"https:\/\/soapboxorators.org\/news\/#\/schema\/logo\/image\/"}},{"@type":"Person","@id":"https:\/\/soapboxorators.org\/news\/#\/schema\/person\/577843385537b0b52be59d7e8de47ffe","name":"ElCanillita.info","sameAs":["https:\/\/elcanillita.info"],"url":"https:\/\/soapboxorators.org\/news\/author\/elcanillita-info\/"}]}},"views":147,"_links":{"self":[{"href":"https:\/\/soapboxorators.org\/news\/wp-json\/wp\/v2\/posts\/257","targetHints":{"allow":["GET"]}}],"collection":[{"href":"https:\/\/soapboxorators.org\/news\/wp-json\/wp\/v2\/posts"}],"about":[{"href":"https:\/\/soapboxorators.org\/news\/wp-json\/wp\/v2\/types\/post"}],"author":[{"embeddable":true,"href":"https:\/\/soapboxorators.org\/news\/wp-json\/wp\/v2\/users\/3"}],"replies":[{"embeddable":true,"href":"https:\/\/soapboxorators.org\/news\/wp-json\/wp\/v2\/comments?post=257"}],"version-history":[{"count":0,"href":"https:\/\/soapboxorators.org\/news\/wp-json\/wp\/v2\/posts\/257\/revisions"}],"wp:featuredmedia":[{"embeddable":true,"href":"https:\/\/soapboxorators.org\/news\/wp-json\/wp\/v2\/media\/258"}],"wp:attachment":[{"href":"https:\/\/soapboxorators.org\/news\/wp-json\/wp\/v2\/media?parent=257"}],"wp:term":[{"taxonomy":"category","embeddable":true,"href":"https:\/\/soapboxorators.org\/news\/wp-json\/wp\/v2\/categories?post=257"},{"taxonomy":"post_tag","embeddable":true,"href":"https:\/\/soapboxorators.org\/news\/wp-json\/wp\/v2\/tags?post=257"}],"curies":[{"name":"wp","href":"https:\/\/api.w.org\/{rel}","templated":true}]}}