{"id":242,"date":"2025-09-10T07:33:07","date_gmt":"2025-09-10T10:33:07","guid":{"rendered":"https:\/\/soapboxorators.org\/news\/?p=242"},"modified":"2025-09-10T08:01:42","modified_gmt":"2025-09-10T11:01:42","slug":"zumbidos-que-pueden-encender-la-guerra","status":"publish","type":"post","link":"https:\/\/soapboxorators.org\/news\/2025\/09\/10\/zumbidos-que-pueden-encender-la-guerra\/","title":{"rendered":"\ud83d\udd4a\ufe0f Zumbidos que pueden encender la Guerra"},"content":{"rendered":"\n<figure class=\"wp-block-image size-full\"><img loading=\"lazy\" decoding=\"async\" width=\"500\" height=\"375\" src=\"https:\/\/soapboxorators.org\/news\/wp-content\/uploads\/2025\/09\/dronpol_20250910.jpg\" alt=\"\" class=\"wp-image-243\" srcset=\"https:\/\/soapboxorators.org\/news\/wp-content\/uploads\/2025\/09\/dronpol_20250910.jpg 500w, https:\/\/soapboxorators.org\/news\/wp-content\/uploads\/2025\/09\/dronpol_20250910-300x225.jpg 300w\" sizes=\"auto, (max-width: 500px) 100vw, 500px\" \/><figcaption class=\"wp-element-caption\">La televisi\u00f3n polaca public\u00f3 esta imagen, supuestamente de un dron ruso estrellado en el incidente del mi\u00e9rcoles.<\/figcaption><\/figure>\n\n\n\n<p> <strong>Polonia, 10\/09\/2025<\/strong> <br>La noche europea se convirti\u00f3 en un tablero de guerra cuando una oleada de drones rusos atraves\u00f3 el cielo polaco rumbo a Ucrania, provocando la reacci\u00f3n inmediata de la OTAN. Cazas polacos, holandeses e italianos se alzaron en vuelo para interceptar m\u00e1s de una decena de aparatos que violaron el espacio a\u00e9reo de Polonia, miembro clave de la Alianza Atl\u00e1ntica.<\/p>\n\n\n\n<h3 class=\"wp-block-heading\">El ataque<\/h3>\n\n\n\n<p>El primer ministro Donald Tusk denunci\u00f3 una \u201cprovocaci\u00f3n a gran escala\u201d despu\u00e9s de que 19 drones rusos cruzaran el territorio polaco. Una vivienda en el oeste del pa\u00eds result\u00f3 da\u00f1ada \u2013perdi\u00f3 el techo tras el impacto de un dron\u2013, aunque no se registraron v\u00edctimas. El incidente marc\u00f3 el episodio m\u00e1s grave de la confrontaci\u00f3n entre Mosc\u00fa y la OTAN desde el inicio de la guerra en Ucrania en 2022.<\/p>\n\n\n\n<p>Los ciudadanos recibieron la instrucci\u00f3n de permanecer en sus casas durante la operaci\u00f3n defensiva, mientras cazas F-35 de Pa\u00edses Bajos y aeronaves italianas se sumaban al esfuerzo polaco para contener la incursi\u00f3n.<\/p>\n\n\n\n<h3 class=\"wp-block-heading\">Escalada diplom\u00e1tica<\/h3>\n\n\n\n<p>El gobierno de Varsovia solicit\u00f3 formalmente activar el <strong>Art\u00edculo 4 del Tratado del Atl\u00e1ntico Norte<\/strong>, que permite consultas entre los aliados cuando un pa\u00eds miembro percibe una amenaza a su seguridad o integridad territorial. \u201cEsta no es s\u00f3lo una guerra para los ucranianos. Se trata de un enfrentamiento que Rusia ha declarado contra todo el mundo libre\u201d, afirm\u00f3 Tusk en el Parlamento.<\/p>\n\n\n\n<p>El l\u00edder polaco advirti\u00f3 que la situaci\u00f3n \u201ces la m\u00e1s peligrosa desde la Segunda Guerra Mundial\u201d para su pa\u00eds y reconoci\u00f3 que la perspectiva de un conflicto mayor nunca hab\u00eda estado tan cerca.<\/p>\n\n\n\n<h3 class=\"wp-block-heading\">Reacciones europeas<\/h3>\n\n\n\n<p>La respuesta internacional fue inmediata y en\u00e9rgica.<\/p>\n\n\n\n<ul class=\"wp-block-list\">\n<li><strong>Francia:<\/strong> Emmanuel Macron calific\u00f3 la incursi\u00f3n de \u201csimplemente inaceptable\u201d y anunci\u00f3 conversaciones con el secretario general de la OTAN, Mark Rutte.<\/li>\n\n\n\n<li><strong>Finlandia:<\/strong> El presidente Alexander Stubb advirti\u00f3 que la situaci\u00f3n \u201csubraya la gravedad del momento\u201d y la calific\u00f3 como inadmisible.<\/li>\n\n\n\n<li><strong>Lituania:<\/strong> Gitanas Nauseda acus\u00f3 a Mosc\u00fa de \u201cexpandir deliberadamente su agresi\u00f3n contra Europa\u201d.<\/li>\n\n\n\n<li><strong>Letonia:<\/strong> Edgars Rink\u0113vi\u010ds subray\u00f3 que el ataque demuestra que \u201cla agresi\u00f3n rusa en Ucrania nos afecta directamente\u201d.<\/li>\n\n\n\n<li><strong>Rep\u00fablica Checa:<\/strong> El primer ministro Petr Fiala consider\u00f3 que Putin \u201cest\u00e1 midiendo sistem\u00e1ticamente hasta d\u00f3nde puede llegar\u201d.<\/li>\n\n\n\n<li><strong>Irlanda:<\/strong> Miche\u00e1l Martin lo describi\u00f3 como un \u201cacto imprudente y sin precedentes\u201d y un recordatorio del riesgo que Rusia representa para la seguridad continental.<\/li>\n<\/ul>\n\n\n\n<h3 class=\"wp-block-heading\">El c\u00e1lculo del Kremlin<\/h3>\n\n\n\n<p>Analistas occidentales interpretan el episodio como una maniobra deliberada de Vladimir Putin para \u201ctestear\u201d los reflejos militares y pol\u00edticos de la OTAN. La incursi\u00f3n ocurri\u00f3 en paralelo al bombardeo ruso contra ciudades ucranianas, lo que evidencia una coordinaci\u00f3n destinada a extender el radio de tensi\u00f3n m\u00e1s all\u00e1 de las fronteras inmediatas del conflicto.<\/p>\n\n\n\n<p>Aunque la operaci\u00f3n defensiva logr\u00f3 evitar v\u00edctimas, expertos advierten que el margen de error es m\u00ednimo: cualquier dron que impactara en un centro urbano o en infraestructura cr\u00edtica podr\u00eda haber desatado una espiral de represalias sin precedentes.<\/p>\n\n\n\n<h3 class=\"wp-block-heading\">Bielorrusia, socio inc\u00f3modo<\/h3>\n\n\n\n<p>En un giro que a\u00f1ade confusi\u00f3n, Bielorrusia \u2013aliado estrat\u00e9gico de Mosc\u00fa\u2013 inform\u00f3 que tambi\u00e9n hab\u00eda derribado drones en su espacio a\u00e9reo durante la noche, alegando interferencias electr\u00f3nicas provenientes tanto de Rusia como de Ucrania. Minsk evit\u00f3 precisar la procedencia de los aparatos, aunque notific\u00f3 a la fuerza a\u00e9rea polaca sobre trayectorias que se dirig\u00edan hacia su territorio.<\/p>\n\n\n\n<h3 class=\"wp-block-heading\">\u00bfHacia d\u00f3nde va la crisis?<\/h3>\n\n\n\n<p>La OTAN se reunir\u00e1 de urgencia en Bruselas para discutir la respuesta colectiva. Aunque no se habla todav\u00eda de activar el <strong>Art\u00edculo 5<\/strong> \u2013la cl\u00e1usula de defensa mutua que equipara un ataque contra un miembro con un ataque contra todos\u2013, la tensi\u00f3n coloca a Europa en un escenario in\u00e9dito desde la Guerra Fr\u00eda.<\/p>\n\n\n\n<p>El tablero se complica:<\/p>\n\n\n\n<ul class=\"wp-block-list\">\n<li>Rusia muestra un <strong>nuevo apetito por el riesgo<\/strong>, empujando las l\u00edneas rojas sin cruzarlas del todo.<\/li>\n\n\n\n<li>Polonia, que durante a\u00f1os ha advertido sobre el peligro ruso, emerge como el <strong>centro neur\u00e1lgico<\/strong> de la seguridad continental.<\/li>\n\n\n\n<li>La OTAN se ve forzada a equilibrar <strong>disuasi\u00f3n y prudencia<\/strong> para no caer en la trampa de una escalada abierta.<\/li>\n<\/ul>\n\n\n\n<p>La guerra en Ucrania, que ya hab\u00eda transformado el orden europeo, amenaza ahora con desbordar sus fronteras. Y el mensaje del Kremlin parece claro: ning\u00fan pa\u00eds est\u00e1 fuera de alcance.<\/p>\n\n\n\n<p>\u270d\ufe0f <small>\u00a9 2025 ElCanillita.info &#8211; All Rights Reserved<\/small><\/p>\n\n\n<p>\u00bfQuieres decir algo ?<\/p>\n<p>\ud83d\udcec Envia tu texto a elcanillita@yahoo.com o sube a la Caja de los oradores: <br \/> SoapBoxOrators.org. <\/p>\n<p>\ud83c\udde6\ud83c\uddf7 CASTELLANO<\/p>\n<form action=\"https:\/\/formspree.io\/f\/mjkrjzed\" method=\"POST\">\n  <label for=\"name\">Nombre o seud\u00f3nimo:<\/label><br \/>\n  <input type=\"text\" id=\"name\" name=\"name\" required><\/p>\n<p>  <label for=\"title\">T\u00edtulo del discurso o editorial:<\/label><br \/>\n  <input type=\"text\" id=\"title\" name=\"title\" required><\/p>\n<p>  <label for=\"message\">Texto (m\u00e1x. 3.000 caracteres):<\/label><br \/>\n  <textarea id=\"message\" name=\"message\" rows=\"10\" maxlength=\"3000\" required><\/textarea><\/p>\n<p>  <label><br \/>\n    <input type=\"checkbox\" name=\"consent\" required><br \/>\n    Autorizo la publicaci\u00f3n de este texto en SoapboxOrators.org<br \/>\n  <\/label><\/p>\n<p>  <button type=\"submit\">Enviar<\/button><br \/>\n  <button type=\"reset\">Borrar<\/button><br \/>\n<\/form>\n\n\n<p><small>\u00a9 2025 ElCanillita.info \/ SoapboxOrators.org &#8211; All Rights Reserved &#8211; SalaStampa.eu, world press service &#8211; Guzzo Photos &amp; Graphic Publications \u2013 Registro Editori e Stampatori n. 1441 Turin, Italy<\/small><\/p>\n","protected":false},"excerpt":{"rendered":"<p>La crisis m\u00e1s grave desde el inicio de la guerra en Ucrania estall\u00f3 anoche cuando 19 drones rusos violaron el espacio a\u00e9reo polaco. Cazas de Polonia, Pa\u00edses Bajos e Italia los derribaron en una operaci\u00f3n in\u00e9dita de defensa a\u00e9rea.<\/p>\n<p>El primer ministro Donald Tusk habl\u00f3 de \u201cprovocaci\u00f3n a gran escala\u201d y pidi\u00f3 activar el Art\u00edculo 4 de la OTAN, advirtiendo que la situaci\u00f3n es \u201cla m\u00e1s peligrosa desde la Segunda Guerra Mundial\u201d.<\/p>\n<p>Europa reaccion\u00f3 con condenas un\u00e1nimes: Macron calific\u00f3 el ataque de \u201cinaceptable\u201d, Lituania denunci\u00f3 una \u201cagresi\u00f3n deliberada\u201d y el checo Petr Fiala asegur\u00f3 que Putin \u201cexplora hasta d\u00f3nde puede llegar\u201d.<br \/>\nLa OTAN se re\u00fane de urgencia en Bruselas. La pregunta que flota es si este \u201czumbido\u201d quedar\u00e1 en ensayo\u2026 o encender\u00e1 una guerra real.<\/p>\n","protected":false},"author":3,"featured_media":244,"comment_status":"closed","ping_status":"closed","sticky":false,"template":"","format":"standard","meta":{"footnotes":"","_links_to":"","_links_to_target":""},"categories":[6,9],"tags":[38,39],"class_list":["post-242","post","type-post","status-publish","format-standard","has-post-thumbnail","hentry","category-actualidad-editorial","category-oradores-de-plataforma-soapbox","tag-europa","tag-polonia","entry","double"],"yoast_head":"<!-- This site is optimized with the Yoast SEO plugin v27.3 - https:\/\/yoast.com\/product\/yoast-seo-wordpress\/ -->\n<title>\ud83d\udd4a\ufe0f Zumbidos que pueden encender la Guerra - SoapBoxOrators.org<\/title>\n<meta name=\"robots\" content=\"noindex, follow, max-snippet:-1, max-image-preview:large, max-video-preview:-1\" \/>\n<meta property=\"og:locale\" content=\"es_ES\" \/>\n<meta property=\"og:type\" content=\"article\" \/>\n<meta property=\"og:title\" content=\"\ud83d\udd4a\ufe0f Zumbidos que pueden encender la Guerra - SoapBoxOrators.org\" \/>\n<meta property=\"og:description\" content=\"La crisis m\u00e1s grave desde el inicio de la guerra en Ucrania estall\u00f3 anoche cuando 19 drones rusos violaron el espacio a\u00e9reo polaco. Cazas de Polonia, Pa\u00edses Bajos e Italia los derribaron en una operaci\u00f3n in\u00e9dita de defensa a\u00e9rea. El primer ministro Donald Tusk habl\u00f3 de \u201cprovocaci\u00f3n a gran escala\u201d y pidi\u00f3 activar el Art\u00edculo 4 de la OTAN, advirtiendo que la situaci\u00f3n es \u201cla m\u00e1s peligrosa desde la Segunda Guerra Mundial\u201d. Europa reaccion\u00f3 con condenas un\u00e1nimes: Macron calific\u00f3 el ataque de \u201cinaceptable\u201d, Lituania denunci\u00f3 una \u201cagresi\u00f3n deliberada\u201d y el checo Petr Fiala asegur\u00f3 que Putin \u201cexplora hasta d\u00f3nde puede llegar\u201d. La OTAN se re\u00fane de urgencia en Bruselas. La pregunta que flota es si este \u201czumbido\u201d quedar\u00e1 en ensayo\u2026 o encender\u00e1 una guerra real.\" \/>\n<meta property=\"og:url\" content=\"https:\/\/soapboxorators.org\/news\/2025\/09\/10\/zumbidos-que-pueden-encender-la-guerra\/\" \/>\n<meta property=\"og:site_name\" content=\"SoapBoxOrators.org\" \/>\n<meta property=\"article:published_time\" content=\"2025-09-10T10:33:07+00:00\" \/>\n<meta property=\"article:modified_time\" content=\"2025-09-10T11:01:42+00:00\" \/>\n<meta property=\"og:image\" content=\"https:\/\/soapboxorators.org\/news\/wp-content\/uploads\/2025\/09\/pol_20250910.jpg\" \/>\n\t<meta property=\"og:image:width\" content=\"600\" \/>\n\t<meta property=\"og:image:height\" content=\"400\" \/>\n\t<meta property=\"og:image:type\" content=\"image\/jpeg\" \/>\n<meta name=\"author\" content=\"ElCanillita.info\" \/>\n<meta name=\"twitter:card\" content=\"summary_large_image\" \/>\n<meta name=\"twitter:label1\" content=\"Escrito por\" \/>\n\t<meta name=\"twitter:data1\" content=\"ElCanillita.info\" \/>\n\t<meta name=\"twitter:label2\" content=\"Tiempo de lectura\" \/>\n\t<meta name=\"twitter:data2\" content=\"4 minutos\" \/>\n<script type=\"application\/ld+json\" class=\"yoast-schema-graph\">{\"@context\":\"https:\\\/\\\/schema.org\",\"@graph\":[{\"@type\":\"Article\",\"@id\":\"https:\\\/\\\/soapboxorators.org\\\/news\\\/2025\\\/09\\\/10\\\/zumbidos-que-pueden-encender-la-guerra\\\/#article\",\"isPartOf\":{\"@id\":\"https:\\\/\\\/soapboxorators.org\\\/news\\\/2025\\\/09\\\/10\\\/zumbidos-que-pueden-encender-la-guerra\\\/\"},\"author\":{\"name\":\"ElCanillita.info\",\"@id\":\"https:\\\/\\\/soapboxorators.org\\\/news\\\/#\\\/schema\\\/person\\\/577843385537b0b52be59d7e8de47ffe\"},\"headline\":\"\ud83d\udd4a\ufe0f Zumbidos que pueden encender la Guerra\",\"datePublished\":\"2025-09-10T10:33:07+00:00\",\"dateModified\":\"2025-09-10T11:01:42+00:00\",\"mainEntityOfPage\":{\"@id\":\"https:\\\/\\\/soapboxorators.org\\\/news\\\/2025\\\/09\\\/10\\\/zumbidos-que-pueden-encender-la-guerra\\\/\"},\"wordCount\":854,\"publisher\":{\"@id\":\"https:\\\/\\\/soapboxorators.org\\\/news\\\/#organization\"},\"image\":{\"@id\":\"https:\\\/\\\/soapboxorators.org\\\/news\\\/2025\\\/09\\\/10\\\/zumbidos-que-pueden-encender-la-guerra\\\/#primaryimage\"},\"thumbnailUrl\":\"https:\\\/\\\/soapboxorators.org\\\/news\\\/wp-content\\\/uploads\\\/2025\\\/09\\\/pol_20250910.jpg\",\"keywords\":[\"Europa\",\"Polonia\"],\"articleSection\":[\"Actualidad Editorial\",\"Oradores de Plataforma \\\/ SoapBox\"],\"inLanguage\":\"es-AR\"},{\"@type\":\"WebPage\",\"@id\":\"https:\\\/\\\/soapboxorators.org\\\/news\\\/2025\\\/09\\\/10\\\/zumbidos-que-pueden-encender-la-guerra\\\/\",\"url\":\"https:\\\/\\\/soapboxorators.org\\\/news\\\/2025\\\/09\\\/10\\\/zumbidos-que-pueden-encender-la-guerra\\\/\",\"name\":\"\ud83d\udd4a\ufe0f Zumbidos que pueden encender la Guerra - SoapBoxOrators.org\",\"isPartOf\":{\"@id\":\"https:\\\/\\\/soapboxorators.org\\\/news\\\/#website\"},\"primaryImageOfPage\":{\"@id\":\"https:\\\/\\\/soapboxorators.org\\\/news\\\/2025\\\/09\\\/10\\\/zumbidos-que-pueden-encender-la-guerra\\\/#primaryimage\"},\"image\":{\"@id\":\"https:\\\/\\\/soapboxorators.org\\\/news\\\/2025\\\/09\\\/10\\\/zumbidos-que-pueden-encender-la-guerra\\\/#primaryimage\"},\"thumbnailUrl\":\"https:\\\/\\\/soapboxorators.org\\\/news\\\/wp-content\\\/uploads\\\/2025\\\/09\\\/pol_20250910.jpg\",\"datePublished\":\"2025-09-10T10:33:07+00:00\",\"dateModified\":\"2025-09-10T11:01:42+00:00\",\"breadcrumb\":{\"@id\":\"https:\\\/\\\/soapboxorators.org\\\/news\\\/2025\\\/09\\\/10\\\/zumbidos-que-pueden-encender-la-guerra\\\/#breadcrumb\"},\"inLanguage\":\"es-AR\",\"potentialAction\":[{\"@type\":\"ReadAction\",\"target\":[\"https:\\\/\\\/soapboxorators.org\\\/news\\\/2025\\\/09\\\/10\\\/zumbidos-que-pueden-encender-la-guerra\\\/\"]}]},{\"@type\":\"ImageObject\",\"inLanguage\":\"es-AR\",\"@id\":\"https:\\\/\\\/soapboxorators.org\\\/news\\\/2025\\\/09\\\/10\\\/zumbidos-que-pueden-encender-la-guerra\\\/#primaryimage\",\"url\":\"https:\\\/\\\/soapboxorators.org\\\/news\\\/wp-content\\\/uploads\\\/2025\\\/09\\\/pol_20250910.jpg\",\"contentUrl\":\"https:\\\/\\\/soapboxorators.org\\\/news\\\/wp-content\\\/uploads\\\/2025\\\/09\\\/pol_20250910.jpg\",\"width\":600,\"height\":400},{\"@type\":\"BreadcrumbList\",\"@id\":\"https:\\\/\\\/soapboxorators.org\\\/news\\\/2025\\\/09\\\/10\\\/zumbidos-que-pueden-encender-la-guerra\\\/#breadcrumb\",\"itemListElement\":[{\"@type\":\"ListItem\",\"position\":1,\"name\":\"Inicio\",\"item\":\"https:\\\/\\\/soapboxorators.org\\\/news\\\/\"},{\"@type\":\"ListItem\",\"position\":2,\"name\":\"\ud83d\udd4a\ufe0f Zumbidos que pueden encender la Guerra\"}]},{\"@type\":\"WebSite\",\"@id\":\"https:\\\/\\\/soapboxorators.org\\\/news\\\/#website\",\"url\":\"https:\\\/\\\/soapboxorators.org\\\/news\\\/\",\"name\":\"SoapBoxOrators.org\",\"description\":\"Plataforma de Oradores - Piattaforma di Oratori-  \u6f14\u8bb2\u8005\u5e73\u53f0 - \u0645\u0646\u0635\u0629 \u0627\u0644\u0645\u062a\u062d\u062f\u062b\u064a\u0646 - \u09ac\u0995\u09cd\u09a4\u09be\u09a6\u09c7\u09b0 \u09aa\u09cd\u09b2\u09cd\u09af\u09be\u099f\u09ab\u09b0\u09cd\u09ae\",\"publisher\":{\"@id\":\"https:\\\/\\\/soapboxorators.org\\\/news\\\/#organization\"},\"potentialAction\":[{\"@type\":\"SearchAction\",\"target\":{\"@type\":\"EntryPoint\",\"urlTemplate\":\"https:\\\/\\\/soapboxorators.org\\\/news\\\/?s={search_term_string}\"},\"query-input\":{\"@type\":\"PropertyValueSpecification\",\"valueRequired\":true,\"valueName\":\"search_term_string\"}}],\"inLanguage\":\"es-AR\"},{\"@type\":\"Organization\",\"@id\":\"https:\\\/\\\/soapboxorators.org\\\/news\\\/#organization\",\"name\":\"Guzzo Photos & Graphic Publications\",\"url\":\"https:\\\/\\\/soapboxorators.org\\\/news\\\/\",\"logo\":{\"@type\":\"ImageObject\",\"inLanguage\":\"es-AR\",\"@id\":\"https:\\\/\\\/soapboxorators.org\\\/news\\\/#\\\/schema\\\/logo\\\/image\\\/\",\"url\":\"https:\\\/\\\/soapboxorators.org\\\/news\\\/wp-content\\\/uploads\\\/2025\\\/08\\\/soapboxorators_520.png\",\"contentUrl\":\"https:\\\/\\\/soapboxorators.org\\\/news\\\/wp-content\\\/uploads\\\/2025\\\/08\\\/soapboxorators_520.png\",\"width\":520,\"height\":50,\"caption\":\"Guzzo Photos & Graphic Publications\"},\"image\":{\"@id\":\"https:\\\/\\\/soapboxorators.org\\\/news\\\/#\\\/schema\\\/logo\\\/image\\\/\"}},{\"@type\":\"Person\",\"@id\":\"https:\\\/\\\/soapboxorators.org\\\/news\\\/#\\\/schema\\\/person\\\/577843385537b0b52be59d7e8de47ffe\",\"name\":\"ElCanillita.info\",\"sameAs\":[\"https:\\\/\\\/elcanillita.info\"],\"url\":\"https:\\\/\\\/soapboxorators.org\\\/news\\\/author\\\/elcanillita-info\\\/\"}]}<\/script>\n<!-- \/ Yoast SEO plugin. -->","yoast_head_json":{"title":"\ud83d\udd4a\ufe0f Zumbidos que pueden encender la Guerra - SoapBoxOrators.org","robots":{"index":"noindex","follow":"follow","max-snippet":"max-snippet:-1","max-image-preview":"max-image-preview:large","max-video-preview":"max-video-preview:-1"},"og_locale":"es_ES","og_type":"article","og_title":"\ud83d\udd4a\ufe0f Zumbidos que pueden encender la Guerra - SoapBoxOrators.org","og_description":"La crisis m\u00e1s grave desde el inicio de la guerra en Ucrania estall\u00f3 anoche cuando 19 drones rusos violaron el espacio a\u00e9reo polaco. Cazas de Polonia, Pa\u00edses Bajos e Italia los derribaron en una operaci\u00f3n in\u00e9dita de defensa a\u00e9rea. El primer ministro Donald Tusk habl\u00f3 de \u201cprovocaci\u00f3n a gran escala\u201d y pidi\u00f3 activar el Art\u00edculo 4 de la OTAN, advirtiendo que la situaci\u00f3n es \u201cla m\u00e1s peligrosa desde la Segunda Guerra Mundial\u201d. Europa reaccion\u00f3 con condenas un\u00e1nimes: Macron calific\u00f3 el ataque de \u201cinaceptable\u201d, Lituania denunci\u00f3 una \u201cagresi\u00f3n deliberada\u201d y el checo Petr Fiala asegur\u00f3 que Putin \u201cexplora hasta d\u00f3nde puede llegar\u201d. La OTAN se re\u00fane de urgencia en Bruselas. La pregunta que flota es si este \u201czumbido\u201d quedar\u00e1 en ensayo\u2026 o encender\u00e1 una guerra real.","og_url":"https:\/\/soapboxorators.org\/news\/2025\/09\/10\/zumbidos-que-pueden-encender-la-guerra\/","og_site_name":"SoapBoxOrators.org","article_published_time":"2025-09-10T10:33:07+00:00","article_modified_time":"2025-09-10T11:01:42+00:00","og_image":[{"width":600,"height":400,"url":"https:\/\/soapboxorators.org\/news\/wp-content\/uploads\/2025\/09\/pol_20250910.jpg","type":"image\/jpeg"}],"author":"ElCanillita.info","twitter_card":"summary_large_image","twitter_misc":{"Escrito por":"ElCanillita.info","Tiempo de lectura":"4 minutos"},"schema":{"@context":"https:\/\/schema.org","@graph":[{"@type":"Article","@id":"https:\/\/soapboxorators.org\/news\/2025\/09\/10\/zumbidos-que-pueden-encender-la-guerra\/#article","isPartOf":{"@id":"https:\/\/soapboxorators.org\/news\/2025\/09\/10\/zumbidos-que-pueden-encender-la-guerra\/"},"author":{"name":"ElCanillita.info","@id":"https:\/\/soapboxorators.org\/news\/#\/schema\/person\/577843385537b0b52be59d7e8de47ffe"},"headline":"\ud83d\udd4a\ufe0f Zumbidos que pueden encender la Guerra","datePublished":"2025-09-10T10:33:07+00:00","dateModified":"2025-09-10T11:01:42+00:00","mainEntityOfPage":{"@id":"https:\/\/soapboxorators.org\/news\/2025\/09\/10\/zumbidos-que-pueden-encender-la-guerra\/"},"wordCount":854,"publisher":{"@id":"https:\/\/soapboxorators.org\/news\/#organization"},"image":{"@id":"https:\/\/soapboxorators.org\/news\/2025\/09\/10\/zumbidos-que-pueden-encender-la-guerra\/#primaryimage"},"thumbnailUrl":"https:\/\/soapboxorators.org\/news\/wp-content\/uploads\/2025\/09\/pol_20250910.jpg","keywords":["Europa","Polonia"],"articleSection":["Actualidad Editorial","Oradores de Plataforma \/ SoapBox"],"inLanguage":"es-AR"},{"@type":"WebPage","@id":"https:\/\/soapboxorators.org\/news\/2025\/09\/10\/zumbidos-que-pueden-encender-la-guerra\/","url":"https:\/\/soapboxorators.org\/news\/2025\/09\/10\/zumbidos-que-pueden-encender-la-guerra\/","name":"\ud83d\udd4a\ufe0f Zumbidos que pueden encender la Guerra - SoapBoxOrators.org","isPartOf":{"@id":"https:\/\/soapboxorators.org\/news\/#website"},"primaryImageOfPage":{"@id":"https:\/\/soapboxorators.org\/news\/2025\/09\/10\/zumbidos-que-pueden-encender-la-guerra\/#primaryimage"},"image":{"@id":"https:\/\/soapboxorators.org\/news\/2025\/09\/10\/zumbidos-que-pueden-encender-la-guerra\/#primaryimage"},"thumbnailUrl":"https:\/\/soapboxorators.org\/news\/wp-content\/uploads\/2025\/09\/pol_20250910.jpg","datePublished":"2025-09-10T10:33:07+00:00","dateModified":"2025-09-10T11:01:42+00:00","breadcrumb":{"@id":"https:\/\/soapboxorators.org\/news\/2025\/09\/10\/zumbidos-que-pueden-encender-la-guerra\/#breadcrumb"},"inLanguage":"es-AR","potentialAction":[{"@type":"ReadAction","target":["https:\/\/soapboxorators.org\/news\/2025\/09\/10\/zumbidos-que-pueden-encender-la-guerra\/"]}]},{"@type":"ImageObject","inLanguage":"es-AR","@id":"https:\/\/soapboxorators.org\/news\/2025\/09\/10\/zumbidos-que-pueden-encender-la-guerra\/#primaryimage","url":"https:\/\/soapboxorators.org\/news\/wp-content\/uploads\/2025\/09\/pol_20250910.jpg","contentUrl":"https:\/\/soapboxorators.org\/news\/wp-content\/uploads\/2025\/09\/pol_20250910.jpg","width":600,"height":400},{"@type":"BreadcrumbList","@id":"https:\/\/soapboxorators.org\/news\/2025\/09\/10\/zumbidos-que-pueden-encender-la-guerra\/#breadcrumb","itemListElement":[{"@type":"ListItem","position":1,"name":"Inicio","item":"https:\/\/soapboxorators.org\/news\/"},{"@type":"ListItem","position":2,"name":"\ud83d\udd4a\ufe0f Zumbidos que pueden encender la Guerra"}]},{"@type":"WebSite","@id":"https:\/\/soapboxorators.org\/news\/#website","url":"https:\/\/soapboxorators.org\/news\/","name":"SoapBoxOrators.org","description":"Plataforma de Oradores - Piattaforma di Oratori-  \u6f14\u8bb2\u8005\u5e73\u53f0 - \u0645\u0646\u0635\u0629 \u0627\u0644\u0645\u062a\u062d\u062f\u062b\u064a\u0646 - \u09ac\u0995\u09cd\u09a4\u09be\u09a6\u09c7\u09b0 \u09aa\u09cd\u09b2\u09cd\u09af\u09be\u099f\u09ab\u09b0\u09cd\u09ae","publisher":{"@id":"https:\/\/soapboxorators.org\/news\/#organization"},"potentialAction":[{"@type":"SearchAction","target":{"@type":"EntryPoint","urlTemplate":"https:\/\/soapboxorators.org\/news\/?s={search_term_string}"},"query-input":{"@type":"PropertyValueSpecification","valueRequired":true,"valueName":"search_term_string"}}],"inLanguage":"es-AR"},{"@type":"Organization","@id":"https:\/\/soapboxorators.org\/news\/#organization","name":"Guzzo Photos & Graphic Publications","url":"https:\/\/soapboxorators.org\/news\/","logo":{"@type":"ImageObject","inLanguage":"es-AR","@id":"https:\/\/soapboxorators.org\/news\/#\/schema\/logo\/image\/","url":"https:\/\/soapboxorators.org\/news\/wp-content\/uploads\/2025\/08\/soapboxorators_520.png","contentUrl":"https:\/\/soapboxorators.org\/news\/wp-content\/uploads\/2025\/08\/soapboxorators_520.png","width":520,"height":50,"caption":"Guzzo Photos & Graphic Publications"},"image":{"@id":"https:\/\/soapboxorators.org\/news\/#\/schema\/logo\/image\/"}},{"@type":"Person","@id":"https:\/\/soapboxorators.org\/news\/#\/schema\/person\/577843385537b0b52be59d7e8de47ffe","name":"ElCanillita.info","sameAs":["https:\/\/elcanillita.info"],"url":"https:\/\/soapboxorators.org\/news\/author\/elcanillita-info\/"}]}},"views":247,"_links":{"self":[{"href":"https:\/\/soapboxorators.org\/news\/wp-json\/wp\/v2\/posts\/242","targetHints":{"allow":["GET"]}}],"collection":[{"href":"https:\/\/soapboxorators.org\/news\/wp-json\/wp\/v2\/posts"}],"about":[{"href":"https:\/\/soapboxorators.org\/news\/wp-json\/wp\/v2\/types\/post"}],"author":[{"embeddable":true,"href":"https:\/\/soapboxorators.org\/news\/wp-json\/wp\/v2\/users\/3"}],"replies":[{"embeddable":true,"href":"https:\/\/soapboxorators.org\/news\/wp-json\/wp\/v2\/comments?post=242"}],"version-history":[{"count":0,"href":"https:\/\/soapboxorators.org\/news\/wp-json\/wp\/v2\/posts\/242\/revisions"}],"wp:featuredmedia":[{"embeddable":true,"href":"https:\/\/soapboxorators.org\/news\/wp-json\/wp\/v2\/media\/244"}],"wp:attachment":[{"href":"https:\/\/soapboxorators.org\/news\/wp-json\/wp\/v2\/media?parent=242"}],"wp:term":[{"taxonomy":"category","embeddable":true,"href":"https:\/\/soapboxorators.org\/news\/wp-json\/wp\/v2\/categories?post=242"},{"taxonomy":"post_tag","embeddable":true,"href":"https:\/\/soapboxorators.org\/news\/wp-json\/wp\/v2\/tags?post=242"}],"curies":[{"name":"wp","href":"https:\/\/api.w.org\/{rel}","templated":true}]}}