{"id":139,"date":"2025-08-18T13:31:56","date_gmt":"2025-08-18T16:31:56","guid":{"rendered":"https:\/\/soapboxorators.org\/news\/?p=139"},"modified":"2025-08-18T13:32:53","modified_gmt":"2025-08-18T16:32:53","slug":"bolivia-addio-alla-sinistra-benvenuta-incertezza","status":"publish","type":"post","link":"https:\/\/soapboxorators.org\/news\/2025\/08\/18\/bolivia-addio-alla-sinistra-benvenuta-incertezza\/","title":{"rendered":"\ud83c\udde7\ud83c\uddf4 Bolivia: addio alla sinistra, benvenuta incertezza"},"content":{"rendered":"\n<p class=\"p1\">Vent\u2019anni non sono niente, diceva Gardel. Ma in Bolivia sono un\u2019epoca intera: quattro governi del MAS, Evo trasformato in monumento a se stesso, Arce scivolato nell\u2019irrilevanza, e ora il Paese che cambia direzione di colpo.<\/p>\n\n\n\n<p class=\"p1\">I numeri parlano chiaro: Rodrigo Paz Pereira, figlio di Jaime Paz Zamora, cresciuto nell\u2019esilio e sindaco di Tarija, ha sorpreso tutti con oltre il 32 %. Una vittoria che ha fatto sobbalzare mezzo continente.<\/p>\n\n\n\n<p class=\"p1\">Dietro di lui, Jorge \u201cTuto\u201d Quiroga, il manuale vivente del neoliberismo, con il 27 %. Torna come un vecchio vinile che non smette di girare, promettendo \u201cordine\u201d per un\u2019economia che respira a fatica.<\/p>\n\n\n\n<p class=\"p1\">Samuel Doria Medina, l\u2019imprenditore, \u00e8 rimasto terzo ma ha gi\u00e0 stretto l\u2019accordo: sosterr\u00e0 Paz Pereira al ballottaggio. Un buon affare, coerente con la sua parola.<\/p>\n\n\n\n<p class=\"p1\">E il MAS? Un misero 3 %. Appena il necessario per sopravvivere come sigla legale. Con un dettaglio tragicomico: un 19 % di schede nulle, obbedienti al richiamo di Evo Morales, che dall\u2019altare del risentimento ha invitato la gente a trasformare la scheda in un graffito.<\/p>\n\n\n\n<p class=\"p1\">Il contesto \u00e8 amaro: inflazione al 25 %, riserve internazionali in caduta libera, e un Paese che annusa pi\u00f9 austerit\u00e0 che festa.<\/p>\n\n\n\n<p class=\"p1\">Il 19 ottobre, la Bolivia non voter\u00e0 solo un presidente: voter\u00e0 cosa fare di vent\u2019anni di eredit\u00e0. Buttarla via o riciclarla con stile.<\/p>\n\n\n\n<p class=\"p1\">Intanto una certezza c\u2019\u00e8: Evo e Arce appartengono gi\u00e0 al passato. E in politica, vent\u2019anni sono davvero un\u2019eternit\u00e0.<\/p>\n\n\n\n<p><\/p>\n\n\n<p><small>\u00a9\ufe0f 2025 ElCanillita.info \/ BlogDiario.info \u2013 All Rights Reserved \u2013 SalaStampa.eu, world press service &#8211; Guzzo Photos &#038; Graphic Publications \u2013 Registro Editori e Stampatori n. 1441 Turin, Italy<\/small><\/p>\n\n\n<p><\/p>\n","protected":false},"excerpt":{"rendered":"<p>Vent\u2019anni non sono niente, diceva Gardel. Ma in Bolivia sono un\u2019epoca intera: quattro governi del MAS, Evo trasformato in monumento a se stesso, Arce scivolato&#8230;<\/p>\n","protected":false},"author":3,"featured_media":0,"comment_status":"closed","ping_status":"","sticky":false,"template":"","format":"standard","meta":{"footnotes":"","_links_to":"","_links_to_target":""},"categories":[25],"tags":[30],"class_list":["post-139","post","type-post","status-publish","format-standard","hentry","category-editoriale-del-giorno","tag-bolivia","entry","double"],"yoast_head":"<!-- This site is optimized with the Yoast SEO plugin v27.3 - https:\/\/yoast.com\/product\/yoast-seo-wordpress\/ -->\n<title>\ud83c\udde7\ud83c\uddf4 Bolivia: addio alla sinistra, benvenuta incertezza - SoapBoxOrators.org<\/title>\n<meta name=\"robots\" content=\"noindex, follow, max-snippet:-1, max-image-preview:large, max-video-preview:-1\" \/>\n<meta property=\"og:locale\" content=\"es_ES\" \/>\n<meta property=\"og:type\" content=\"article\" \/>\n<meta property=\"og:title\" content=\"\ud83c\udde7\ud83c\uddf4 Bolivia: addio alla sinistra, benvenuta incertezza - SoapBoxOrators.org\" \/>\n<meta property=\"og:description\" content=\"Vent\u2019anni non sono niente, diceva Gardel. Ma in Bolivia sono un\u2019epoca intera: quattro governi del MAS, Evo trasformato in monumento a se stesso, Arce scivolato&#8230;\" \/>\n<meta property=\"og:url\" content=\"https:\/\/soapboxorators.org\/news\/2025\/08\/18\/bolivia-addio-alla-sinistra-benvenuta-incertezza\/\" \/>\n<meta property=\"og:site_name\" content=\"SoapBoxOrators.org\" \/>\n<meta property=\"article:published_time\" content=\"2025-08-18T16:31:56+00:00\" \/>\n<meta property=\"article:modified_time\" content=\"2025-08-18T16:32:53+00:00\" \/>\n<meta name=\"author\" content=\"ElCanillita.info\" \/>\n<meta name=\"twitter:card\" content=\"summary_large_image\" \/>\n<meta name=\"twitter:label1\" content=\"Escrito por\" \/>\n\t<meta name=\"twitter:data1\" content=\"ElCanillita.info\" \/>\n\t<meta name=\"twitter:label2\" content=\"Tiempo de lectura\" \/>\n\t<meta name=\"twitter:data2\" content=\"1 minuto\" \/>\n<script type=\"application\/ld+json\" class=\"yoast-schema-graph\">{\"@context\":\"https:\\\/\\\/schema.org\",\"@graph\":[{\"@type\":\"Article\",\"@id\":\"https:\\\/\\\/soapboxorators.org\\\/news\\\/2025\\\/08\\\/18\\\/bolivia-addio-alla-sinistra-benvenuta-incertezza\\\/#article\",\"isPartOf\":{\"@id\":\"https:\\\/\\\/soapboxorators.org\\\/news\\\/2025\\\/08\\\/18\\\/bolivia-addio-alla-sinistra-benvenuta-incertezza\\\/\"},\"author\":{\"name\":\"ElCanillita.info\",\"@id\":\"https:\\\/\\\/soapboxorators.org\\\/news\\\/#\\\/schema\\\/person\\\/577843385537b0b52be59d7e8de47ffe\"},\"headline\":\"\ud83c\udde7\ud83c\uddf4 Bolivia: addio alla sinistra, benvenuta incertezza\",\"datePublished\":\"2025-08-18T16:31:56+00:00\",\"dateModified\":\"2025-08-18T16:32:53+00:00\",\"mainEntityOfPage\":{\"@id\":\"https:\\\/\\\/soapboxorators.org\\\/news\\\/2025\\\/08\\\/18\\\/bolivia-addio-alla-sinistra-benvenuta-incertezza\\\/\"},\"wordCount\":264,\"publisher\":{\"@id\":\"https:\\\/\\\/soapboxorators.org\\\/news\\\/#organization\"},\"keywords\":[\"Bolivia\"],\"articleSection\":[\"Editoriale del Giorno\"],\"inLanguage\":\"es-AR\"},{\"@type\":\"WebPage\",\"@id\":\"https:\\\/\\\/soapboxorators.org\\\/news\\\/2025\\\/08\\\/18\\\/bolivia-addio-alla-sinistra-benvenuta-incertezza\\\/\",\"url\":\"https:\\\/\\\/soapboxorators.org\\\/news\\\/2025\\\/08\\\/18\\\/bolivia-addio-alla-sinistra-benvenuta-incertezza\\\/\",\"name\":\"\ud83c\udde7\ud83c\uddf4 Bolivia: addio alla sinistra, benvenuta incertezza - SoapBoxOrators.org\",\"isPartOf\":{\"@id\":\"https:\\\/\\\/soapboxorators.org\\\/news\\\/#website\"},\"datePublished\":\"2025-08-18T16:31:56+00:00\",\"dateModified\":\"2025-08-18T16:32:53+00:00\",\"breadcrumb\":{\"@id\":\"https:\\\/\\\/soapboxorators.org\\\/news\\\/2025\\\/08\\\/18\\\/bolivia-addio-alla-sinistra-benvenuta-incertezza\\\/#breadcrumb\"},\"inLanguage\":\"es-AR\",\"potentialAction\":[{\"@type\":\"ReadAction\",\"target\":[\"https:\\\/\\\/soapboxorators.org\\\/news\\\/2025\\\/08\\\/18\\\/bolivia-addio-alla-sinistra-benvenuta-incertezza\\\/\"]}]},{\"@type\":\"BreadcrumbList\",\"@id\":\"https:\\\/\\\/soapboxorators.org\\\/news\\\/2025\\\/08\\\/18\\\/bolivia-addio-alla-sinistra-benvenuta-incertezza\\\/#breadcrumb\",\"itemListElement\":[{\"@type\":\"ListItem\",\"position\":1,\"name\":\"Inicio\",\"item\":\"https:\\\/\\\/soapboxorators.org\\\/news\\\/\"},{\"@type\":\"ListItem\",\"position\":2,\"name\":\"\ud83c\udde7\ud83c\uddf4 Bolivia: addio alla sinistra, benvenuta incertezza\"}]},{\"@type\":\"WebSite\",\"@id\":\"https:\\\/\\\/soapboxorators.org\\\/news\\\/#website\",\"url\":\"https:\\\/\\\/soapboxorators.org\\\/news\\\/\",\"name\":\"SoapBoxOrators.org\",\"description\":\"Plataforma de Oradores - Piattaforma di Oratori-  \u6f14\u8bb2\u8005\u5e73\u53f0 - \u0645\u0646\u0635\u0629 \u0627\u0644\u0645\u062a\u062d\u062f\u062b\u064a\u0646 - \u09ac\u0995\u09cd\u09a4\u09be\u09a6\u09c7\u09b0 \u09aa\u09cd\u09b2\u09cd\u09af\u09be\u099f\u09ab\u09b0\u09cd\u09ae\",\"publisher\":{\"@id\":\"https:\\\/\\\/soapboxorators.org\\\/news\\\/#organization\"},\"potentialAction\":[{\"@type\":\"SearchAction\",\"target\":{\"@type\":\"EntryPoint\",\"urlTemplate\":\"https:\\\/\\\/soapboxorators.org\\\/news\\\/?s={search_term_string}\"},\"query-input\":{\"@type\":\"PropertyValueSpecification\",\"valueRequired\":true,\"valueName\":\"search_term_string\"}}],\"inLanguage\":\"es-AR\"},{\"@type\":\"Organization\",\"@id\":\"https:\\\/\\\/soapboxorators.org\\\/news\\\/#organization\",\"name\":\"Guzzo Photos & Graphic Publications\",\"url\":\"https:\\\/\\\/soapboxorators.org\\\/news\\\/\",\"logo\":{\"@type\":\"ImageObject\",\"inLanguage\":\"es-AR\",\"@id\":\"https:\\\/\\\/soapboxorators.org\\\/news\\\/#\\\/schema\\\/logo\\\/image\\\/\",\"url\":\"https:\\\/\\\/soapboxorators.org\\\/news\\\/wp-content\\\/uploads\\\/2025\\\/08\\\/soapboxorators_520.png\",\"contentUrl\":\"https:\\\/\\\/soapboxorators.org\\\/news\\\/wp-content\\\/uploads\\\/2025\\\/08\\\/soapboxorators_520.png\",\"width\":520,\"height\":50,\"caption\":\"Guzzo Photos & Graphic Publications\"},\"image\":{\"@id\":\"https:\\\/\\\/soapboxorators.org\\\/news\\\/#\\\/schema\\\/logo\\\/image\\\/\"}},{\"@type\":\"Person\",\"@id\":\"https:\\\/\\\/soapboxorators.org\\\/news\\\/#\\\/schema\\\/person\\\/577843385537b0b52be59d7e8de47ffe\",\"name\":\"ElCanillita.info\",\"sameAs\":[\"https:\\\/\\\/elcanillita.info\"],\"url\":\"https:\\\/\\\/soapboxorators.org\\\/news\\\/author\\\/elcanillita-info\\\/\"}]}<\/script>\n<!-- \/ Yoast SEO plugin. -->","yoast_head_json":{"title":"\ud83c\udde7\ud83c\uddf4 Bolivia: addio alla sinistra, benvenuta incertezza - SoapBoxOrators.org","robots":{"index":"noindex","follow":"follow","max-snippet":"max-snippet:-1","max-image-preview":"max-image-preview:large","max-video-preview":"max-video-preview:-1"},"og_locale":"es_ES","og_type":"article","og_title":"\ud83c\udde7\ud83c\uddf4 Bolivia: addio alla sinistra, benvenuta incertezza - SoapBoxOrators.org","og_description":"Vent\u2019anni non sono niente, diceva Gardel. Ma in Bolivia sono un\u2019epoca intera: quattro governi del MAS, Evo trasformato in monumento a se stesso, Arce scivolato&#8230;","og_url":"https:\/\/soapboxorators.org\/news\/2025\/08\/18\/bolivia-addio-alla-sinistra-benvenuta-incertezza\/","og_site_name":"SoapBoxOrators.org","article_published_time":"2025-08-18T16:31:56+00:00","article_modified_time":"2025-08-18T16:32:53+00:00","author":"ElCanillita.info","twitter_card":"summary_large_image","twitter_misc":{"Escrito por":"ElCanillita.info","Tiempo de lectura":"1 minuto"},"schema":{"@context":"https:\/\/schema.org","@graph":[{"@type":"Article","@id":"https:\/\/soapboxorators.org\/news\/2025\/08\/18\/bolivia-addio-alla-sinistra-benvenuta-incertezza\/#article","isPartOf":{"@id":"https:\/\/soapboxorators.org\/news\/2025\/08\/18\/bolivia-addio-alla-sinistra-benvenuta-incertezza\/"},"author":{"name":"ElCanillita.info","@id":"https:\/\/soapboxorators.org\/news\/#\/schema\/person\/577843385537b0b52be59d7e8de47ffe"},"headline":"\ud83c\udde7\ud83c\uddf4 Bolivia: addio alla sinistra, benvenuta incertezza","datePublished":"2025-08-18T16:31:56+00:00","dateModified":"2025-08-18T16:32:53+00:00","mainEntityOfPage":{"@id":"https:\/\/soapboxorators.org\/news\/2025\/08\/18\/bolivia-addio-alla-sinistra-benvenuta-incertezza\/"},"wordCount":264,"publisher":{"@id":"https:\/\/soapboxorators.org\/news\/#organization"},"keywords":["Bolivia"],"articleSection":["Editoriale del Giorno"],"inLanguage":"es-AR"},{"@type":"WebPage","@id":"https:\/\/soapboxorators.org\/news\/2025\/08\/18\/bolivia-addio-alla-sinistra-benvenuta-incertezza\/","url":"https:\/\/soapboxorators.org\/news\/2025\/08\/18\/bolivia-addio-alla-sinistra-benvenuta-incertezza\/","name":"\ud83c\udde7\ud83c\uddf4 Bolivia: addio alla sinistra, benvenuta incertezza - SoapBoxOrators.org","isPartOf":{"@id":"https:\/\/soapboxorators.org\/news\/#website"},"datePublished":"2025-08-18T16:31:56+00:00","dateModified":"2025-08-18T16:32:53+00:00","breadcrumb":{"@id":"https:\/\/soapboxorators.org\/news\/2025\/08\/18\/bolivia-addio-alla-sinistra-benvenuta-incertezza\/#breadcrumb"},"inLanguage":"es-AR","potentialAction":[{"@type":"ReadAction","target":["https:\/\/soapboxorators.org\/news\/2025\/08\/18\/bolivia-addio-alla-sinistra-benvenuta-incertezza\/"]}]},{"@type":"BreadcrumbList","@id":"https:\/\/soapboxorators.org\/news\/2025\/08\/18\/bolivia-addio-alla-sinistra-benvenuta-incertezza\/#breadcrumb","itemListElement":[{"@type":"ListItem","position":1,"name":"Inicio","item":"https:\/\/soapboxorators.org\/news\/"},{"@type":"ListItem","position":2,"name":"\ud83c\udde7\ud83c\uddf4 Bolivia: addio alla sinistra, benvenuta incertezza"}]},{"@type":"WebSite","@id":"https:\/\/soapboxorators.org\/news\/#website","url":"https:\/\/soapboxorators.org\/news\/","name":"SoapBoxOrators.org","description":"Plataforma de Oradores - Piattaforma di Oratori-  \u6f14\u8bb2\u8005\u5e73\u53f0 - \u0645\u0646\u0635\u0629 \u0627\u0644\u0645\u062a\u062d\u062f\u062b\u064a\u0646 - \u09ac\u0995\u09cd\u09a4\u09be\u09a6\u09c7\u09b0 \u09aa\u09cd\u09b2\u09cd\u09af\u09be\u099f\u09ab\u09b0\u09cd\u09ae","publisher":{"@id":"https:\/\/soapboxorators.org\/news\/#organization"},"potentialAction":[{"@type":"SearchAction","target":{"@type":"EntryPoint","urlTemplate":"https:\/\/soapboxorators.org\/news\/?s={search_term_string}"},"query-input":{"@type":"PropertyValueSpecification","valueRequired":true,"valueName":"search_term_string"}}],"inLanguage":"es-AR"},{"@type":"Organization","@id":"https:\/\/soapboxorators.org\/news\/#organization","name":"Guzzo Photos & Graphic Publications","url":"https:\/\/soapboxorators.org\/news\/","logo":{"@type":"ImageObject","inLanguage":"es-AR","@id":"https:\/\/soapboxorators.org\/news\/#\/schema\/logo\/image\/","url":"https:\/\/soapboxorators.org\/news\/wp-content\/uploads\/2025\/08\/soapboxorators_520.png","contentUrl":"https:\/\/soapboxorators.org\/news\/wp-content\/uploads\/2025\/08\/soapboxorators_520.png","width":520,"height":50,"caption":"Guzzo Photos & Graphic Publications"},"image":{"@id":"https:\/\/soapboxorators.org\/news\/#\/schema\/logo\/image\/"}},{"@type":"Person","@id":"https:\/\/soapboxorators.org\/news\/#\/schema\/person\/577843385537b0b52be59d7e8de47ffe","name":"ElCanillita.info","sameAs":["https:\/\/elcanillita.info"],"url":"https:\/\/soapboxorators.org\/news\/author\/elcanillita-info\/"}]}},"views":67,"_links":{"self":[{"href":"https:\/\/soapboxorators.org\/news\/wp-json\/wp\/v2\/posts\/139","targetHints":{"allow":["GET"]}}],"collection":[{"href":"https:\/\/soapboxorators.org\/news\/wp-json\/wp\/v2\/posts"}],"about":[{"href":"https:\/\/soapboxorators.org\/news\/wp-json\/wp\/v2\/types\/post"}],"author":[{"embeddable":true,"href":"https:\/\/soapboxorators.org\/news\/wp-json\/wp\/v2\/users\/3"}],"replies":[{"embeddable":true,"href":"https:\/\/soapboxorators.org\/news\/wp-json\/wp\/v2\/comments?post=139"}],"version-history":[{"count":0,"href":"https:\/\/soapboxorators.org\/news\/wp-json\/wp\/v2\/posts\/139\/revisions"}],"wp:attachment":[{"href":"https:\/\/soapboxorators.org\/news\/wp-json\/wp\/v2\/media?parent=139"}],"wp:term":[{"taxonomy":"category","embeddable":true,"href":"https:\/\/soapboxorators.org\/news\/wp-json\/wp\/v2\/categories?post=139"},{"taxonomy":"post_tag","embeddable":true,"href":"https:\/\/soapboxorators.org\/news\/wp-json\/wp\/v2\/tags?post=139"}],"curies":[{"name":"wp","href":"https:\/\/api.w.org\/{rel}","templated":true}]}}